{"id":28563,"date":"2023-04-04T18:32:31","date_gmt":"2023-04-04T18:32:31","guid":{"rendered":"http:\/\/panoramahoy.com\/?p=28563"},"modified":"2025-03-05T11:50:02","modified_gmt":"2025-03-05T14:50:02","slug":"merlo-brindara-cursos-audiovisuales-gratuitos","status":"publish","type":"post","link":"https:\/\/actualidadurbana.com\/index.php\/2023\/04\/04\/merlo-brindara-cursos-audiovisuales-gratuitos\/","title":{"rendered":"MERLO BRINDAR\u00c1 CURSOS AUDIOVISUALES GRATUITOS"},"content":{"rendered":"\n<p><strong>El pr\u00f3ximo 11 de abril comiezan los talleres del programa \u201c<em>Oficios Culturales<\/em>\u201d que el&nbsp;<a href=\"https:\/\/www.gba.gob.ar\/cultura\">Instituto Cultural de la Provincia de Buenos Aires<\/a>&nbsp;ofrece en conjunto con el Gobierno Municipal para los vecinos y vecinas de Merlo mayores de 16 a\u00f1os. Pod\u00e9s inscribirte en:&nbsp;<a href=\"mailto:poloaudiovisualmerlo@gmail.com\">poloaudiovisualmerlo@gmail.com<\/a><\/strong><\/p>\n\n\n\n<p>Estos talleres se orientan a la formaci\u00f3n de j\u00f3venes en oficios art\u00edsticos y culturales y son trimestrales. Los talleres est\u00e1n orientados a fomentar la revinculaci\u00f3n con el estudio y la formaci\u00f3n te\u00f3rica y pr\u00e1ctica en oficios art\u00edsticos y culturales.<\/p>\n\n\n\n<p>Los interesados pueden acceder a la siguiente oferta:<\/p>\n\n\n\n<ul class=\"wp-block-list\">\n<li><strong>Taller de Iluminaci\u00f3n para Fotograf\u00eda y Cine<\/strong>&nbsp;(Inicia martes 11\/04, 19 hs)<\/li>\n\n\n\n<li><strong>Taller de Grabaci\u00f3n de Sonido Directo para Cine y TV<\/strong>&nbsp;(Inicia mi\u00e9rcoles 12\/04, 17 hs)<\/li>\n\n\n\n<li><strong>Taller de Improvisaci\u00f3n Teatral<\/strong>&nbsp;(Inicia mi\u00e9rcoles 12\/04, 19 hs)<\/li>\n\n\n\n<li><strong>Taller de Direcci\u00f3n de Arte Audiovisual<\/strong>&nbsp;(Inicia viernes 14\/04, 17 hs)<\/li>\n\n\n\n<li><strong>Taller de Maquillaje y FX<\/strong>&nbsp;(Inicia s\u00e1bado 15\/04,18 hs)<\/li>\n<\/ul>\n\n\n\n<p>El programa provincial \u201cOficios Culturales\u201d es posible en Merlo gracias al compromiso asumido por la Intendencia Men\u00e9ndez de generar espacios para el desarrollo y para el fomento de actividades y trabajos vinculados al rubro art\u00edstico.<\/p>\n\n\n\n<p>Para inscribirse, enviar un email con los datos y el curso de inter\u00e9s a:&nbsp;<a href=\"mailto:poloaudiovisualmerlo@gmail.com\">poloaudiovisualmerlo@gmail.com<\/a>&nbsp;. Para m\u00e1s informaci\u00f3n, comunicarse con el&nbsp;<a href=\"https:\/\/www.instagram.com\/poloaudiovisualmerlo\/\">Polo Audiovisual de Merlo<\/a>&nbsp;\u2013 Direcci\u00f3n: Carlos Pellegrini 236 entre Rawson y 25 de Mayo.<\/p>\n","protected":false},"excerpt":{"rendered":"<p>El pr\u00f3ximo 11 de abril comiezan los talleres del programa \u201cOficios Culturales\u201d que el&nbsp;Instituto Cultural de la Provincia de Buenos Aires&nbsp;ofrece en conjunto con el Gobierno Municipal para los vecinos y vecinas de Merlo mayores de 16 a\u00f1os. Pod\u00e9s inscribirte en:&nbsp;poloaudiovisualmerlo@gmail.com Estos talleres se orientan a la formaci\u00f3n de j\u00f3venes en oficios art\u00edsticos y culturales [&hellip;]<\/p>\n","protected":false},"author":1,"featured_media":28564,"comment_status":"closed","ping_status":"closed","sticky":false,"template":"","format":"standard","meta":{"footnotes":""},"categories":[1420],"tags":[76,78,80,22,52,24,81,75,82],"class_list":["post-28563","post","type-post","status-publish","format-standard","has-post-thumbnail","hentry","category-educacion-merlo","tag-cine","tag-cursos-gratuitos","tag-fotografia","tag-karina-menendez-2","tag-merlo","tag-municipio-de-merlo","tag-oficios-culturales","tag-polo-audiovisual-de-merlo","tag-teatro"],"amp_enabled":true,"_links":{"self":[{"href":"https:\/\/actualidadurbana.com\/index.php\/wp-json\/wp\/v2\/posts\/28563","targetHints":{"allow":["GET"]}}],"collection":[{"href":"https:\/\/actualidadurbana.com\/index.php\/wp-json\/wp\/v2\/posts"}],"about":[{"href":"https:\/\/actualidadurbana.com\/index.php\/wp-json\/wp\/v2\/types\/post"}],"author":[{"embeddable":true,"href":"https:\/\/actualidadurbana.com\/index.php\/wp-json\/wp\/v2\/users\/1"}],"replies":[{"embeddable":true,"href":"https:\/\/actualidadurbana.com\/index.php\/wp-json\/wp\/v2\/comments?post=28563"}],"version-history":[{"count":1,"href":"https:\/\/actualidadurbana.com\/index.php\/wp-json\/wp\/v2\/posts\/28563\/revisions"}],"predecessor-version":[{"id":28983,"href":"https:\/\/actualidadurbana.com\/index.php\/wp-json\/wp\/v2\/posts\/28563\/revisions\/28983"}],"wp:featuredmedia":[{"embeddable":true,"href":"https:\/\/actualidadurbana.com\/index.php\/wp-json\/wp\/v2\/media\/28564"}],"wp:attachment":[{"href":"https:\/\/actualidadurbana.com\/index.php\/wp-json\/wp\/v2\/media?parent=28563"}],"wp:term":[{"taxonomy":"category","embeddable":true,"href":"https:\/\/actualidadurbana.com\/index.php\/wp-json\/wp\/v2\/categories?post=28563"},{"taxonomy":"post_tag","embeddable":true,"href":"https:\/\/actualidadurbana.com\/index.php\/wp-json\/wp\/v2\/tags?post=28563"}],"curies":[{"name":"wp","href":"https:\/\/api.w.org\/{rel}","templated":true}]}}