{"id":28635,"date":"2023-04-13T20:17:33","date_gmt":"2023-04-13T20:17:33","guid":{"rendered":"http:\/\/panoramahoy.com\/?p=28635"},"modified":"2023-12-01T13:14:08","modified_gmt":"2023-12-01T16:14:08","slug":"se-aprobo-la-nueva-ley-lucia-en-la-camara-de-diputados","status":"publish","type":"post","link":"https:\/\/actualidadurbana.com\/index.php\/2023\/04\/13\/se-aprobo-la-nueva-ley-lucia-en-la-camara-de-diputados\/","title":{"rendered":"SE APROB\u00d3 LA NUEVA LEY LUCIO EN LA C\u00c1MARA DE DIPUTADOS"},"content":{"rendered":"\n<p>La norma contaba con media sanci\u00f3n en Diputados y recibi\u00f3 el aval de la C\u00e1mara alta. Fue impulsada a ra\u00edz del caso de <strong>Lucio Dupuy<\/strong>, el menor de 5 a\u00f1os que muri\u00f3 en La Pampa tras recibir fuertes golpes de parte de su madre y la pareja de \u00e9sta.&nbsp;<\/p>\n\n\n\n<p>En la primera sesi\u00f3n del a\u00f1o, senadores y senadoras&nbsp;aprobaron por unanimidad la ley que&nbsp;busca prevenir el maltrato infantil, conocida como<strong>&nbsp;\u201cLey Lucio\u201d<\/strong>.<\/p>\n\n\n\n<p>La ley <strong>\u201cPrevenci\u00f3n y detecci\u00f3n temprana de la violencia contra los ni\u00f1os, ni\u00f1as y adolescentes\u201d<\/strong>, que fue presentada por el diputado nacional por La Pampa, Mart\u00edn Maquieyra (PRO), contaba con media sanci\u00f3n en Diputados y hoy alcanz\u00f3 los 65 votos positivos en el Senado. Estuvieron presentes familiares del menor, entre ellos su abuelo Ram\u00f3n Dupuy.&nbsp;<\/p>\n\n\n\n<p>Dispone que haya&nbsp;capacitaciones obligatorias&nbsp;para todas las personas que ejercen la funci\u00f3n p\u00fablica en el Poder Ejecutivo, Legislativo y Judicial. Y, no cumplir con esta instrucci\u00f3n, se considerar\u00e1 una falta grave.<\/p>\n\n\n\n<p>A su vez, establece que<strong>&nbsp;<\/strong>el <strong>Ejecutivo y el Judicial<\/strong> actuar\u00e1n articuladamente para la creaci\u00f3n de un protocolo&nbsp;que establezca las formas de actuar de las fuerzas de seguridad, organismos de la ni\u00f1ez y jueces con competencia en familia,&nbsp;con el objetivo de unificar los criterios de actuaci\u00f3n&nbsp;a nivel nacional y provincial.<\/p>\n\n\n\n<p>Y dispone que el Estado deber\u00e1 realizar campa\u00f1as de concientizaci\u00f3n semestrales&nbsp;que ayuden a detectar y prevenir el maltrato y violencia contra ni\u00f1os, ni\u00f1as y adolescentes, y d\u00f3nde denunciarlo.&nbsp;Y prev\u00e9 la obligatoriedad de la implementaci\u00f3n de la L\u00ednea 102&nbsp;en todo el territorio argentino para la promoci\u00f3n de derechos de las infancias y la atenci\u00f3n gratuita.<\/p>\n\n\n\n<p>Otra de las herramientas que incorpora la ley es la reserva de identidad, que protege a aquellas personas, que con conocimiento de alguna situaci\u00f3n de maltrato infantil, realizan la denuncia.<\/p>\n\n\n\n<p>La autoridad de aplicaci\u00f3n de la ley ser\u00e1 la Secretar\u00eda Nacional de Ni\u00f1ez, Adolescencia y Familia, que depende del Ministerio de Desarrollo Social de la Naci\u00f3n. Tambi\u00e9n la Secretar\u00eda ser\u00e1 la encargada de producir los contenidos del Plan Federal de Capacitaci\u00f3n, en articulaci\u00f3n con el Consejo Federal de Ni\u00f1ez, Adolescencia y Familia (Cofenaf).<\/p>\n","protected":false},"excerpt":{"rendered":"<p>La norma contaba con media sanci\u00f3n en Diputados y recibi\u00f3 el aval de la C\u00e1mara alta. Fue impulsada a ra\u00edz del caso de Lucio Dupuy, el menor de 5 a\u00f1os que muri\u00f3 en La Pampa tras recibir fuertes golpes de parte de su madre y la pareja de \u00e9sta.&nbsp; En la primera sesi\u00f3n del a\u00f1o, [&hellip;]<\/p>\n","protected":false},"author":1,"featured_media":28637,"comment_status":"open","ping_status":"open","sticky":false,"template":"","format":"standard","meta":{"footnotes":""},"categories":[484],"tags":[156,157,158,160,161,162],"class_list":["post-28635","post","type-post","status-publish","format-standard","has-post-thumbnail","hentry","category-politica-nacional","tag-lucio-dupuy","tag-nueva-ley-lucio","tag-poder-ejecutivo","tag-poder-judicial","tag-secretaria-de-la-nacion","tag-violencia-domestica-2"],"amp_enabled":true,"_links":{"self":[{"href":"https:\/\/actualidadurbana.com\/index.php\/wp-json\/wp\/v2\/posts\/28635","targetHints":{"allow":["GET"]}}],"collection":[{"href":"https:\/\/actualidadurbana.com\/index.php\/wp-json\/wp\/v2\/posts"}],"about":[{"href":"https:\/\/actualidadurbana.com\/index.php\/wp-json\/wp\/v2\/types\/post"}],"author":[{"embeddable":true,"href":"https:\/\/actualidadurbana.com\/index.php\/wp-json\/wp\/v2\/users\/1"}],"replies":[{"embeddable":true,"href":"https:\/\/actualidadurbana.com\/index.php\/wp-json\/wp\/v2\/comments?post=28635"}],"version-history":[{"count":1,"href":"https:\/\/actualidadurbana.com\/index.php\/wp-json\/wp\/v2\/posts\/28635\/revisions"}],"predecessor-version":[{"id":28967,"href":"https:\/\/actualidadurbana.com\/index.php\/wp-json\/wp\/v2\/posts\/28635\/revisions\/28967"}],"wp:featuredmedia":[{"embeddable":true,"href":"https:\/\/actualidadurbana.com\/index.php\/wp-json\/wp\/v2\/media\/28637"}],"wp:attachment":[{"href":"https:\/\/actualidadurbana.com\/index.php\/wp-json\/wp\/v2\/media?parent=28635"}],"wp:term":[{"taxonomy":"category","embeddable":true,"href":"https:\/\/actualidadurbana.com\/index.php\/wp-json\/wp\/v2\/categories?post=28635"},{"taxonomy":"post_tag","embeddable":true,"href":"https:\/\/actualidadurbana.com\/index.php\/wp-json\/wp\/v2\/tags?post=28635"}],"curies":[{"name":"wp","href":"https:\/\/api.w.org\/{rel}","templated":true}]}}