{"id":28647,"date":"2023-04-14T16:41:30","date_gmt":"2023-04-14T16:41:30","guid":{"rendered":"http:\/\/panoramahoy.com\/?p=28647"},"modified":"2023-12-01T14:28:03","modified_gmt":"2023-12-01T17:28:03","slug":"el-depo-quiere-seguir-de-racha-ganadora","status":"publish","type":"post","link":"https:\/\/actualidadurbana.com\/index.php\/2023\/04\/14\/el-depo-quiere-seguir-de-racha-ganadora\/","title":{"rendered":"EL DEPO QUIERE SEGUIR DE RACHA GANADORA"},"content":{"rendered":"\n<h2 class=\"wp-block-heading\">En la previa de Villa San Carlos vs Dep. Merlo, te contamos todo lo que ten\u00e9s que saber de la cita futbol\u00edstica de estera este domingo 16 de abril desde las 15:30<\/h2>\n\n\n\n<p>Despu\u00e9s de lo que fue una ag\u00f3nica victoria ante Colegiales, <strong>\u201cEl Depo\u201d<\/strong> quiere conseguir otra victoria para acercarse a los primeros cinco de la <strong>Primera B<\/strong>.<\/p>\n\n\n\n<p>Para eso tendr\u00e1 que vencer a un Villa San Carlos que solo est\u00e1 a un punto. El encuentro que se va a disputar en el Estadio Genacio S\u00e1lice donde podr\u00e1 ser un empujo de confianza para el ganador.<\/p>\n\n\n\n<p>\u201cEl Charro\u201d viene de cortar una racha negativa ante otro rival directo como lo fue Colegiales, por eso el DT Gabriel Manzini sabe de la importancia del encuentro.<\/p>\n\n\n\n<p>Por otro lado, <strong>Villa San Carlos<\/strong> tambi\u00e9n viene de un rendimiento irregular donde en los \u00faltimos 8 partidos solo pudo ganar uno. Su \u00faltima derrota fue contra Ituzaing\u00f3 por 1 \u2013 0.<\/p>\n\n\n\n<p>Con respeto al historial entre estos dos, en los \u00faltimos cinco partidos jugados fueron a favor de los locales con 3 victorias y un empate. La \u00faltima vez que jugaron en contra en este torneo fue el 4 de septiembre, en Clausura del torneo Argentina \u2013 Primera B Temporada 2022, y Villa San Carlos se quedaron con la victoria por 1 a 0.<\/p>\n\n\n\n<p>El encargado de impartir justicia en el partido ser\u00e1 <strong>Lucas Brumer<\/strong>.<\/p>\n","protected":false},"excerpt":{"rendered":"<p>En la previa de Villa San Carlos vs Dep. Merlo, te contamos todo lo que ten\u00e9s que saber de la cita futbol\u00edstica de estera este domingo 16 de abril desde las 15:30 Despu\u00e9s de lo que fue una ag\u00f3nica victoria ante Colegiales, \u201cEl Depo\u201d quiere conseguir otra victoria para acercarse a los primeros cinco de [&hellip;]<\/p>\n","protected":false},"author":1,"featured_media":28648,"comment_status":"open","ping_status":"open","sticky":false,"template":"","format":"standard","meta":{"footnotes":""},"categories":[38],"tags":[39,94,97,171,172,173],"class_list":["post-28647","post","type-post","status-publish","format-standard","has-post-thumbnail","hentry","category-deportes-merlo","tag-deportes","tag-deportivo-merlo","tag-gabriel-manzini","tag-primera-b","tag-villa-san-carlos-vs-deportivo-merlo","tag-villas-san-carlos"],"amp_enabled":true,"_links":{"self":[{"href":"https:\/\/actualidadurbana.com\/index.php\/wp-json\/wp\/v2\/posts\/28647","targetHints":{"allow":["GET"]}}],"collection":[{"href":"https:\/\/actualidadurbana.com\/index.php\/wp-json\/wp\/v2\/posts"}],"about":[{"href":"https:\/\/actualidadurbana.com\/index.php\/wp-json\/wp\/v2\/types\/post"}],"author":[{"embeddable":true,"href":"https:\/\/actualidadurbana.com\/index.php\/wp-json\/wp\/v2\/users\/1"}],"replies":[{"embeddable":true,"href":"https:\/\/actualidadurbana.com\/index.php\/wp-json\/wp\/v2\/comments?post=28647"}],"version-history":[{"count":1,"href":"https:\/\/actualidadurbana.com\/index.php\/wp-json\/wp\/v2\/posts\/28647\/revisions"}],"predecessor-version":[{"id":28964,"href":"https:\/\/actualidadurbana.com\/index.php\/wp-json\/wp\/v2\/posts\/28647\/revisions\/28964"}],"wp:featuredmedia":[{"embeddable":true,"href":"https:\/\/actualidadurbana.com\/index.php\/wp-json\/wp\/v2\/media\/28648"}],"wp:attachment":[{"href":"https:\/\/actualidadurbana.com\/index.php\/wp-json\/wp\/v2\/media?parent=28647"}],"wp:term":[{"taxonomy":"category","embeddable":true,"href":"https:\/\/actualidadurbana.com\/index.php\/wp-json\/wp\/v2\/categories?post=28647"},{"taxonomy":"post_tag","embeddable":true,"href":"https:\/\/actualidadurbana.com\/index.php\/wp-json\/wp\/v2\/tags?post=28647"}],"curies":[{"name":"wp","href":"https:\/\/api.w.org\/{rel}","templated":true}]}}