{"id":28728,"date":"2023-04-19T14:36:37","date_gmt":"2023-04-19T14:36:37","guid":{"rendered":"http:\/\/panoramahoy.com\/?p=28728"},"modified":"2025-03-05T11:36:43","modified_gmt":"2025-03-05T14:36:43","slug":"vuelve-el-mercado-bonaerense-en-zona-oeste","status":"publish","type":"post","link":"https:\/\/actualidadurbana.com\/index.php\/2023\/04\/19\/vuelve-el-mercado-bonaerense-en-zona-oeste\/","title":{"rendered":"VUELVE EL MERCADO BONAERENSE EN ZONA OESTE"},"content":{"rendered":"\n<p><strong>En el distrito de Merlo se abri\u00f3 una nueva temporada del programa del Ministerio de Desarrollo Agrario de la Provincia que recorre las plazas del municipio con productos&nbsp;y alimentos a precios justos, directo de sus productores.<\/strong><\/p>\n\n\n\n<p>Vecinos y vecinas de la zona tuvieron la oportunidad de encontrar alimentos de la <strong>canasta b\u00e1sica tales como pescado, verduras, panificados y embutidos a precios accesibles<\/strong>. La jornada que se desarroll\u00f3 en la localidad de Libertad y cont\u00f3 con la presencia de Gustavo Men\u00e9ndez acompa\u00f1ado del Ministro de Desarrollo Agrario, <strong>Javier Rodr\u00edguez<\/strong>.<\/p>\n\n\n\n<p>El Intendente en uso de licencia, se\u00f1al\u00f3 que&nbsp;<em>\u201ces un programa que lleg\u00f3 al distrito para quedarse\u201d<\/em>, y agreg\u00f3&nbsp;<em>\u201ces un c\u00edrculo virtuoso,&nbsp; ya que por un lado se agrupan productores y genera empleo, y por otro el permite a los habitantes acceder a los productos a precios que de otra manera ser\u00eda&nbsp; imposible\u201d<\/em>.<\/p>\n\n\n\n<figure class=\"wp-block-image size-large\"><img loading=\"lazy\" decoding=\"async\" width=\"1024\" height=\"576\" src=\"https:\/\/actualidadurbana.com\/wp-content\/uploads\/2023\/04\/MERCADO-BONAERENSE-5-1024x576.jpg\" alt=\"\" class=\"wp-image-28730\" srcset=\"https:\/\/actualidadurbana.com\/wp-content\/uploads\/2023\/04\/MERCADO-BONAERENSE-5-1024x576.jpg 1024w, https:\/\/actualidadurbana.com\/wp-content\/uploads\/2023\/04\/MERCADO-BONAERENSE-5-300x169.jpg 300w, https:\/\/actualidadurbana.com\/wp-content\/uploads\/2023\/04\/MERCADO-BONAERENSE-5-768x432.jpg 768w, https:\/\/actualidadurbana.com\/wp-content\/uploads\/2023\/04\/MERCADO-BONAERENSE-5-696x392.jpg 696w, https:\/\/actualidadurbana.com\/wp-content\/uploads\/2023\/04\/MERCADO-BONAERENSE-5-1068x601.jpg 1068w, https:\/\/actualidadurbana.com\/wp-content\/uploads\/2023\/04\/MERCADO-BONAERENSE-5.jpg 1200w\" sizes=\"auto, (max-width: 1024px) 100vw, 1024px\" \/><\/figure>\n\n\n\n<p>A su vez, el Ministro Javier Rodr\u00edguez sostuvo&nbsp;<em>\u201cQueremos generar un programa para estar cerca de los vecinos y darle soluciones concretas\u201d<\/em>. Adem\u00e1s anunci\u00f3 la incorporaci\u00f3n del Banco Provincia&nbsp; a trav\u00e9s de la cuenta de DNI.<\/p>\n\n\n\n<p>El gobierno del pueblo de Merlo impulsa estas pol\u00edticas sociales, econ\u00f3micas y productivas en conjunto con la Provincia de Buenos Aires y el Ministerio de Desarrollo Agrario de la Naci\u00f3n.<\/p>\n\n\n\n<p>El programa continuar\u00e1 durante y para conocer los lugares de las pr\u00f3ximas fechas pod\u00e9s ingresar a&nbsp;&nbsp;<a href=\"http:\/\/www.merlo.gob.ar\/mercadobonaerense\/\">www.merlo.gob.ar\/mercadobonaerense\/<\/a><\/p>\n\n\n\n<figure class=\"wp-block-image size-large\"><img loading=\"lazy\" decoding=\"async\" width=\"1024\" height=\"576\" src=\"https:\/\/actualidadurbana.com\/wp-content\/uploads\/2023\/04\/MERCADO-BONAERENSE-9-1024x576.jpg\" alt=\"\" class=\"wp-image-28731\" srcset=\"https:\/\/actualidadurbana.com\/wp-content\/uploads\/2023\/04\/MERCADO-BONAERENSE-9-1024x576.jpg 1024w, https:\/\/actualidadurbana.com\/wp-content\/uploads\/2023\/04\/MERCADO-BONAERENSE-9-300x169.jpg 300w, https:\/\/actualidadurbana.com\/wp-content\/uploads\/2023\/04\/MERCADO-BONAERENSE-9-768x432.jpg 768w, https:\/\/actualidadurbana.com\/wp-content\/uploads\/2023\/04\/MERCADO-BONAERENSE-9-696x392.jpg 696w, https:\/\/actualidadurbana.com\/wp-content\/uploads\/2023\/04\/MERCADO-BONAERENSE-9-1068x601.jpg 1068w, https:\/\/actualidadurbana.com\/wp-content\/uploads\/2023\/04\/MERCADO-BONAERENSE-9.jpg 1200w\" sizes=\"auto, (max-width: 1024px) 100vw, 1024px\" \/><\/figure>\n","protected":false},"excerpt":{"rendered":"<p>En el distrito de Merlo se abri\u00f3 una nueva temporada del programa del Ministerio de Desarrollo Agrario de la Provincia que recorre las plazas del municipio con productos&nbsp;y alimentos a precios justos, directo de sus productores. Vecinos y vecinas de la zona tuvieron la oportunidad de encontrar alimentos de la canasta b\u00e1sica tales como pescado, [&hellip;]<\/p>\n","protected":false},"author":1,"featured_media":28729,"comment_status":"closed","ping_status":"closed","sticky":false,"template":"","format":"standard","meta":{"footnotes":""},"categories":[53],"tags":[250,251,252,17,253,22,52,254,24],"class_list":["post-28728","post","type-post","status-publish","format-standard","has-post-thumbnail","hentry","category-sociedad-merlo","tag-alimentos-a-precios-justos","tag-banco-provincia","tag-el-mercado-en-tu-barrio","tag-gustavo-menendez","tag-javier-rodriguez","tag-karina-menendez-2","tag-merlo","tag-ministerio-de-desarrollo-agrario-de-la-provincia","tag-municipio-de-merlo"],"amp_enabled":true,"_links":{"self":[{"href":"https:\/\/actualidadurbana.com\/index.php\/wp-json\/wp\/v2\/posts\/28728","targetHints":{"allow":["GET"]}}],"collection":[{"href":"https:\/\/actualidadurbana.com\/index.php\/wp-json\/wp\/v2\/posts"}],"about":[{"href":"https:\/\/actualidadurbana.com\/index.php\/wp-json\/wp\/v2\/types\/post"}],"author":[{"embeddable":true,"href":"https:\/\/actualidadurbana.com\/index.php\/wp-json\/wp\/v2\/users\/1"}],"replies":[{"embeddable":true,"href":"https:\/\/actualidadurbana.com\/index.php\/wp-json\/wp\/v2\/comments?post=28728"}],"version-history":[{"count":1,"href":"https:\/\/actualidadurbana.com\/index.php\/wp-json\/wp\/v2\/posts\/28728\/revisions"}],"predecessor-version":[{"id":28944,"href":"https:\/\/actualidadurbana.com\/index.php\/wp-json\/wp\/v2\/posts\/28728\/revisions\/28944"}],"wp:featuredmedia":[{"embeddable":true,"href":"https:\/\/actualidadurbana.com\/index.php\/wp-json\/wp\/v2\/media\/28729"}],"wp:attachment":[{"href":"https:\/\/actualidadurbana.com\/index.php\/wp-json\/wp\/v2\/media?parent=28728"}],"wp:term":[{"taxonomy":"category","embeddable":true,"href":"https:\/\/actualidadurbana.com\/index.php\/wp-json\/wp\/v2\/categories?post=28728"},{"taxonomy":"post_tag","embeddable":true,"href":"https:\/\/actualidadurbana.com\/index.php\/wp-json\/wp\/v2\/tags?post=28728"}],"curies":[{"name":"wp","href":"https:\/\/api.w.org\/{rel}","templated":true}]}}