{"id":28740,"date":"2023-04-19T17:53:57","date_gmt":"2023-04-19T17:53:57","guid":{"rendered":"http:\/\/panoramahoy.com\/?p=28740"},"modified":"2023-12-01T14:01:17","modified_gmt":"2023-12-01T17:01:17","slug":"daniel-agostini-y-angela-leiva-se-presentaran-en-merlo","status":"publish","type":"post","link":"https:\/\/actualidadurbana.com\/index.php\/2023\/04\/19\/daniel-agostini-y-angela-leiva-se-presentaran-en-merlo\/","title":{"rendered":"DANIEL AGOSTINI Y \u00c1NGELA LEIVA SE PRESENTAR\u00c1N EN MERLO"},"content":{"rendered":"\n<p><strong>Una vez m\u00e1s la Feria del Encuentro llega a zona oeste<\/strong> <strong>y en esta nueva edici\u00f3n el evento contar\u00e1 con los shows gratuitos de m\u00fasica, gastronom\u00eda y festival. <\/strong><\/p>\n\n\n\n<p>La cita coordinada por la&nbsp;<strong>Secretar\u00eda de Desarrollo Econ\u00f3mico Sustentable<\/strong>&nbsp;ser\u00e1 del s\u00e1bado 22 hasta el domingo 23 en la&nbsp;<strong>Cancha de Los Patos<\/strong>. El evento busca incentivar la actividad econ\u00f3mica,&nbsp; generar puestos de trabajos y ofrecer una propuesta cultural a todos los ciudadanos de Merlo.<\/p>\n\n\n\n<figure class=\"wp-block-image size-full\"><img loading=\"lazy\" decoding=\"async\" width=\"696\" height=\"696\" src=\"https:\/\/actualidadurbana.com\/wp-content\/uploads\/2023\/04\/Ft7oMhMWIA0m4bU.webp\" alt=\"\" class=\"wp-image-28741\" srcset=\"https:\/\/actualidadurbana.com\/wp-content\/uploads\/2023\/04\/Ft7oMhMWIA0m4bU.webp 696w, https:\/\/actualidadurbana.com\/wp-content\/uploads\/2023\/04\/Ft7oMhMWIA0m4bU-300x300.webp 300w, https:\/\/actualidadurbana.com\/wp-content\/uploads\/2023\/04\/Ft7oMhMWIA0m4bU-150x150.webp 150w\" sizes=\"auto, (max-width: 696px) 100vw, 696px\" \/><\/figure>\n\n\n\n<p><strong>El s\u00e1bado el show principal ser\u00e1 el de&nbsp; Angela Leiva&nbsp;<\/strong>que comenzar\u00e1 a las 21hs. Y&nbsp;<strong>el domingo se presentar\u00e1&nbsp; Daniel Agostini<\/strong>&nbsp;a las 21 hs para festejar el d\u00eda en familia.<\/p>\n\n\n\n<p>Cabe mencionar que&nbsp;<strong>el evento es con entrada libre y gratuita<\/strong>&nbsp;y que los presentes podr\u00e1n disfrutar de la gastronom\u00eda del mundo, artistas locales, feria de artesanos y juegos para ni\u00f1os.<\/p>\n\n\n\n<figure class=\"wp-block-image size-full\"><img loading=\"lazy\" decoding=\"async\" width=\"696\" height=\"696\" src=\"https:\/\/actualidadurbana.com\/wp-content\/uploads\/2023\/04\/Ft7oL5XWIAg23dk.webp\" alt=\"\" class=\"wp-image-28742\" srcset=\"https:\/\/actualidadurbana.com\/wp-content\/uploads\/2023\/04\/Ft7oL5XWIAg23dk.webp 696w, https:\/\/actualidadurbana.com\/wp-content\/uploads\/2023\/04\/Ft7oL5XWIAg23dk-300x300.webp 300w, https:\/\/actualidadurbana.com\/wp-content\/uploads\/2023\/04\/Ft7oL5XWIAg23dk-150x150.webp 150w\" sizes=\"auto, (max-width: 696px) 100vw, 696px\" \/><\/figure>\n","protected":false},"excerpt":{"rendered":"<p>Una vez m\u00e1s la Feria del Encuentro llega a zona oeste y en esta nueva edici\u00f3n el evento contar\u00e1 con los shows gratuitos de m\u00fasica, gastronom\u00eda y festival. La cita coordinada por la&nbsp;Secretar\u00eda de Desarrollo Econ\u00f3mico Sustentable&nbsp;ser\u00e1 del s\u00e1bado 22 hasta el domingo 23 en la&nbsp;Cancha de Los Patos. El evento busca incentivar la actividad [&hellip;]<\/p>\n","protected":false},"author":1,"featured_media":28743,"comment_status":"open","ping_status":"open","sticky":false,"template":"","format":"standard","meta":{"footnotes":""},"categories":[517],"tags":[263,238,264,265,22,52,24,267],"class_list":["post-28740","post","type-post","status-publish","format-standard","has-post-thumbnail","hentry","category-cultura-merlo","tag-angela-leiva","tag-cultura","tag-daniel-agostini","tag-feria-del-encuentro-cultural","tag-karina-menendez-2","tag-merlo","tag-municipio-de-merlo","tag-shows-gratuitos"],"amp_enabled":true,"_links":{"self":[{"href":"https:\/\/actualidadurbana.com\/index.php\/wp-json\/wp\/v2\/posts\/28740","targetHints":{"allow":["GET"]}}],"collection":[{"href":"https:\/\/actualidadurbana.com\/index.php\/wp-json\/wp\/v2\/posts"}],"about":[{"href":"https:\/\/actualidadurbana.com\/index.php\/wp-json\/wp\/v2\/types\/post"}],"author":[{"embeddable":true,"href":"https:\/\/actualidadurbana.com\/index.php\/wp-json\/wp\/v2\/users\/1"}],"replies":[{"embeddable":true,"href":"https:\/\/actualidadurbana.com\/index.php\/wp-json\/wp\/v2\/comments?post=28740"}],"version-history":[{"count":1,"href":"https:\/\/actualidadurbana.com\/index.php\/wp-json\/wp\/v2\/posts\/28740\/revisions"}],"predecessor-version":[{"id":28942,"href":"https:\/\/actualidadurbana.com\/index.php\/wp-json\/wp\/v2\/posts\/28740\/revisions\/28942"}],"wp:featuredmedia":[{"embeddable":true,"href":"https:\/\/actualidadurbana.com\/index.php\/wp-json\/wp\/v2\/media\/28743"}],"wp:attachment":[{"href":"https:\/\/actualidadurbana.com\/index.php\/wp-json\/wp\/v2\/media?parent=28740"}],"wp:term":[{"taxonomy":"category","embeddable":true,"href":"https:\/\/actualidadurbana.com\/index.php\/wp-json\/wp\/v2\/categories?post=28740"},{"taxonomy":"post_tag","embeddable":true,"href":"https:\/\/actualidadurbana.com\/index.php\/wp-json\/wp\/v2\/tags?post=28740"}],"curies":[{"name":"wp","href":"https:\/\/api.w.org\/{rel}","templated":true}]}}