{"id":28787,"date":"2023-04-21T18:16:41","date_gmt":"2023-04-21T18:16:41","guid":{"rendered":"http:\/\/panoramahoy.com\/?p=28787"},"modified":"2025-03-05T12:03:06","modified_gmt":"2025-03-05T15:03:06","slug":"nueva-concejala-y-sesiones-ordinarias-en-merlo","status":"publish","type":"post","link":"https:\/\/actualidadurbana.com\/index.php\/2023\/04\/21\/nueva-concejala-y-sesiones-ordinarias-en-merlo\/","title":{"rendered":"NUEVA CONCEJALA Y SESIONES ORDINARIAS EN MERLO"},"content":{"rendered":"\n<p><strong><em>Tras una Sesi\u00f3n Ordinaria que se llev\u00f3 a cabo en el d\u00eda de ayer, asumi\u00f3 Ver\u00f3nica Andrada como nueva concejala del Honorable Concejo Deliberante en reemplazo de Miguel Haristoy y, adem\u00e1s, se trataron proyectos efectuados durante el a\u00f1o anterior.<\/em><\/strong><\/p>\n\n\n\n<p>La jornada cont\u00f3 con el presente de la Intendenta de Merlo, Karina Men\u00e9ndez, la Presidenta del HCD, Alejandra Hahn y el Secretario Juan Carlos Ruiz. Tambi\u00e9n formaron parte concejales y concejalas de distintos partidos pol\u00edticos.<\/p>\n\n\n\n<p>La jefa distrital coment\u00f3 que \u201c<em>estos son los espacios donde uno tiene que discutir y tenemos que estar dispuestos a escuchar a cada uno y es a trav\u00e9s de la unidad<\/em>\u201d.<\/p>\n\n\n\n<figure class=\"wp-block-image size-large\"><img loading=\"lazy\" decoding=\"async\" width=\"1024\" height=\"683\" src=\"https:\/\/actualidadurbana.com\/wp-content\/uploads\/2023\/04\/HCD-5-1024x683.jpg\" alt=\"\" class=\"wp-image-28789\" srcset=\"https:\/\/actualidadurbana.com\/wp-content\/uploads\/2023\/04\/HCD-5-1024x683.jpg 1024w, https:\/\/actualidadurbana.com\/wp-content\/uploads\/2023\/04\/HCD-5-300x200.jpg 300w, https:\/\/actualidadurbana.com\/wp-content\/uploads\/2023\/04\/HCD-5-768x512.jpg 768w, https:\/\/actualidadurbana.com\/wp-content\/uploads\/2023\/04\/HCD-5-696x464.jpg 696w, https:\/\/actualidadurbana.com\/wp-content\/uploads\/2023\/04\/HCD-5-1068x712.jpg 1068w, https:\/\/actualidadurbana.com\/wp-content\/uploads\/2023\/04\/HCD-5.jpg 1152w\" sizes=\"auto, (max-width: 1024px) 100vw, 1024px\" \/><\/figure>\n\n\n\n<p>Se pudo ver el juramento de una nueva Concejala, lo cual incentiva a la igualdad de g\u00e9nero en el municipio. Ver\u00f3nica Andrada, al vivir su primera jornada, detall\u00f3 que \u201c<em>es muy gratificante ocupar un lugar para seguir con el proyecto pol\u00edtico<\/em>\u201d y agreg\u00f3 \u201c<em>es importante que la gesti\u00f3n apoye a las mujeres y concejalas<\/em>\u201d.<\/p>\n\n\n\n<p>Por su parte, Alejandra Hahn explic\u00f3 que se trataron varios temas en la reuni\u00f3n en los cuales se pudieron discutir&nbsp; \u201c<em>los expedientes y la rendici\u00f3n de cuentas al Ejercicio Fiscal del a\u00f1o 2022<\/em>\u201d.<\/p>\n\n\n\n<figure class=\"wp-block-image size-large\"><img loading=\"lazy\" decoding=\"async\" width=\"1024\" height=\"683\" src=\"https:\/\/actualidadurbana.com\/wp-content\/uploads\/2023\/04\/HCD-3-1024x683.jpg\" alt=\"\" class=\"wp-image-28790\" srcset=\"https:\/\/actualidadurbana.com\/wp-content\/uploads\/2023\/04\/HCD-3-1024x683.jpg 1024w, https:\/\/actualidadurbana.com\/wp-content\/uploads\/2023\/04\/HCD-3-300x200.jpg 300w, https:\/\/actualidadurbana.com\/wp-content\/uploads\/2023\/04\/HCD-3-768x512.jpg 768w, https:\/\/actualidadurbana.com\/wp-content\/uploads\/2023\/04\/HCD-3-696x464.jpg 696w, https:\/\/actualidadurbana.com\/wp-content\/uploads\/2023\/04\/HCD-3-1068x712.jpg 1068w, https:\/\/actualidadurbana.com\/wp-content\/uploads\/2023\/04\/HCD-3.jpg 1152w\" sizes=\"auto, (max-width: 1024px) 100vw, 1024px\" \/><\/figure>\n","protected":false},"excerpt":{"rendered":"<p>Tras una Sesi\u00f3n Ordinaria que se llev\u00f3 a cabo en el d\u00eda de ayer, asumi\u00f3 Ver\u00f3nica Andrada como nueva concejala del Honorable Concejo Deliberante en reemplazo de Miguel Haristoy y, adem\u00e1s, se trataron proyectos efectuados durante el a\u00f1o anterior. La jornada cont\u00f3 con el presente de la Intendenta de Merlo, Karina Men\u00e9ndez, la Presidenta del [&hellip;]<\/p>\n","protected":false},"author":1,"featured_media":28788,"comment_status":"closed","ping_status":"closed","sticky":false,"template":"","format":"standard","meta":{"footnotes":""},"categories":[1422],"tags":[292,293,294,22,295,296],"class_list":["post-28787","post","type-post","status-publish","format-standard","has-post-thumbnail","hentry","category-politica-merlo","tag-alejandra-hahn","tag-hcd","tag-honorable-concejo-deliberante","tag-karina-menendez-2","tag-nueva-concejala","tag-sesion-ordinaria"],"amp_enabled":true,"_links":{"self":[{"href":"https:\/\/actualidadurbana.com\/index.php\/wp-json\/wp\/v2\/posts\/28787","targetHints":{"allow":["GET"]}}],"collection":[{"href":"https:\/\/actualidadurbana.com\/index.php\/wp-json\/wp\/v2\/posts"}],"about":[{"href":"https:\/\/actualidadurbana.com\/index.php\/wp-json\/wp\/v2\/types\/post"}],"author":[{"embeddable":true,"href":"https:\/\/actualidadurbana.com\/index.php\/wp-json\/wp\/v2\/users\/1"}],"replies":[{"embeddable":true,"href":"https:\/\/actualidadurbana.com\/index.php\/wp-json\/wp\/v2\/comments?post=28787"}],"version-history":[{"count":1,"href":"https:\/\/actualidadurbana.com\/index.php\/wp-json\/wp\/v2\/posts\/28787\/revisions"}],"predecessor-version":[{"id":28935,"href":"https:\/\/actualidadurbana.com\/index.php\/wp-json\/wp\/v2\/posts\/28787\/revisions\/28935"}],"wp:featuredmedia":[{"embeddable":true,"href":"https:\/\/actualidadurbana.com\/index.php\/wp-json\/wp\/v2\/media\/28788"}],"wp:attachment":[{"href":"https:\/\/actualidadurbana.com\/index.php\/wp-json\/wp\/v2\/media?parent=28787"}],"wp:term":[{"taxonomy":"category","embeddable":true,"href":"https:\/\/actualidadurbana.com\/index.php\/wp-json\/wp\/v2\/categories?post=28787"},{"taxonomy":"post_tag","embeddable":true,"href":"https:\/\/actualidadurbana.com\/index.php\/wp-json\/wp\/v2\/tags?post=28787"}],"curies":[{"name":"wp","href":"https:\/\/api.w.org\/{rel}","templated":true}]}}