{"id":28818,"date":"2023-04-25T15:47:12","date_gmt":"2023-04-25T15:47:12","guid":{"rendered":"http:\/\/panoramahoy.com\/?p=28818"},"modified":"2023-12-01T14:48:35","modified_gmt":"2023-12-01T17:48:35","slug":"jornada-recreativa-en-barrio-rivadavia","status":"publish","type":"post","link":"https:\/\/actualidadurbana.com\/index.php\/2023\/04\/25\/jornada-recreativa-en-barrio-rivadavia\/","title":{"rendered":"JORNADA RECREATIVA EN BARRIO RIVADAVIA"},"content":{"rendered":"\n<p>A partir de la organizaci\u00f3n de la&nbsp;<a href=\"https:\/\/www.instagram.com\/sdjuventudes\/?hl=es\">Subsecretar\u00eda de Juventudes<\/a>&nbsp;\u201cAlta Tarde\u201d, se realiz\u00f3 una jornada con stands informativos, emprendedores y shows en vivo.<\/p>\n\n\n\n<p>Vecinos y vecinas merlenses participaron de las atracciones del festival en la Plaza \u201cNuestra Se\u00f1ora de la Paz\u201d, ubicada en Juan XXIII, entre Constancio Vigil y Maldonado.<\/p>\n\n\n\n<p>El evento reuni\u00f3 artesanos, feriantes, artistas y cantantes del municipio, adem\u00e1s de ofrecer entretenimiento para los m\u00e1s chicos con espect\u00e1culos de acrobacia, circo, juegos did\u00e1cticos, m\u00fasica y bar glitter.<\/p>\n\n\n\n<p>&nbsp;Adem\u00e1s, se pod\u00edan encontrar stands operativos e informativos sobre ESI, G\u00e9nero, Boleto Estudiantil y armado de curr\u00edculum vitae.<\/p>\n\n\n\n<figure class=\"wp-block-image size-full\"><img loading=\"lazy\" decoding=\"async\" width=\"696\" height=\"392\" src=\"https:\/\/actualidadurbana.com\/wp-content\/uploads\/2023\/04\/Festival-Alta-Tarde-4.webp\" alt=\"\" class=\"wp-image-28820\" srcset=\"https:\/\/actualidadurbana.com\/wp-content\/uploads\/2023\/04\/Festival-Alta-Tarde-4.webp 696w, https:\/\/actualidadurbana.com\/wp-content\/uploads\/2023\/04\/Festival-Alta-Tarde-4-300x169.webp 300w\" sizes=\"auto, (max-width: 696px) 100vw, 696px\" \/><\/figure>\n\n\n\n<p>La Subsecretaria, Natalia Luxen, sostuvo: \u201cEs importante que las ni\u00f1eces y las juventudes se sientan contenidos, escuchados y tengan su espacio\u201d y agreg\u00f3 que: \u201cestamos abiertos a nuevas propuestas y a integrar a todas y todos los que quieran formar parte\u201d.<\/p>\n","protected":false},"excerpt":{"rendered":"<p>A partir de la organizaci\u00f3n de la&nbsp;Subsecretar\u00eda de Juventudes&nbsp;\u201cAlta Tarde\u201d, se realiz\u00f3 una jornada con stands informativos, emprendedores y shows en vivo. Vecinos y vecinas merlenses participaron de las atracciones del festival en la Plaza \u201cNuestra Se\u00f1ora de la Paz\u201d, ubicada en Juan XXIII, entre Constancio Vigil y Maldonado. El evento reuni\u00f3 artesanos, feriantes, artistas [&hellip;]<\/p>\n","protected":false},"author":1,"featured_media":28819,"comment_status":"open","ping_status":"open","sticky":false,"template":"","format":"standard","meta":{"footnotes":""},"categories":[53],"tags":[315,316,317,52,24,318],"class_list":["post-28818","post","type-post","status-publish","format-standard","has-post-thumbnail","hentry","category-sociedad-merlo","tag-alta-tarde","tag-jovenes","tag-juventudes","tag-merlo","tag-municipio-de-merlo","tag-programas-municipales"],"amp_enabled":true,"_links":{"self":[{"href":"https:\/\/actualidadurbana.com\/index.php\/wp-json\/wp\/v2\/posts\/28818","targetHints":{"allow":["GET"]}}],"collection":[{"href":"https:\/\/actualidadurbana.com\/index.php\/wp-json\/wp\/v2\/posts"}],"about":[{"href":"https:\/\/actualidadurbana.com\/index.php\/wp-json\/wp\/v2\/types\/post"}],"author":[{"embeddable":true,"href":"https:\/\/actualidadurbana.com\/index.php\/wp-json\/wp\/v2\/users\/1"}],"replies":[{"embeddable":true,"href":"https:\/\/actualidadurbana.com\/index.php\/wp-json\/wp\/v2\/comments?post=28818"}],"version-history":[{"count":1,"href":"https:\/\/actualidadurbana.com\/index.php\/wp-json\/wp\/v2\/posts\/28818\/revisions"}],"predecessor-version":[{"id":28928,"href":"https:\/\/actualidadurbana.com\/index.php\/wp-json\/wp\/v2\/posts\/28818\/revisions\/28928"}],"wp:featuredmedia":[{"embeddable":true,"href":"https:\/\/actualidadurbana.com\/index.php\/wp-json\/wp\/v2\/media\/28819"}],"wp:attachment":[{"href":"https:\/\/actualidadurbana.com\/index.php\/wp-json\/wp\/v2\/media?parent=28818"}],"wp:term":[{"taxonomy":"category","embeddable":true,"href":"https:\/\/actualidadurbana.com\/index.php\/wp-json\/wp\/v2\/categories?post=28818"},{"taxonomy":"post_tag","embeddable":true,"href":"https:\/\/actualidadurbana.com\/index.php\/wp-json\/wp\/v2\/tags?post=28818"}],"curies":[{"name":"wp","href":"https:\/\/api.w.org\/{rel}","templated":true}]}}