{"id":28843,"date":"2023-04-26T18:01:00","date_gmt":"2023-04-26T18:01:00","guid":{"rendered":"http:\/\/panoramahoy.com\/?p=28843"},"modified":"2023-12-01T14:11:41","modified_gmt":"2023-12-01T17:11:41","slug":"primer-patio-folklorico-en-honor-a-alba-quiroga","status":"publish","type":"post","link":"https:\/\/actualidadurbana.com\/index.php\/2023\/04\/26\/primer-patio-folklorico-en-honor-a-alba-quiroga\/","title":{"rendered":"PRIMER PATIO FOLKL\u00d3RICO EN HONOR A ALBA QUIROGA"},"content":{"rendered":"\n<p><strong><em>La jornada art\u00edstica fue en reconocimiento a la profesora oriunda del distrito de Merlo, Alba Quiroga. Adem\u00e1s, los presentes pudieron disfrutar de la feria de artesanos, emprendedores, puestos de gastronom\u00eda, m\u00fasica en vivo y n\u00fameros art\u00edsticos.<\/em><\/strong><\/p>\n\n\n\n<p>El evento fue realizado por la <strong>Secretar\u00eda de Cultura<\/strong> de la jurisdicci\u00f3n en conjunto con el <strong>Consejo Federal de Folklore de Argentina (COFFAR)<\/strong>, con el objetivo de brindar un espect\u00e1culo al aire libre y que sea gratuito para que los ciudadanos puedan disfrutar de costumbres patrias. Adem\u00e1s de reconocidos artistas locales.<\/p>\n\n\n\n<figure class=\"wp-block-image size-large\"><img loading=\"lazy\" decoding=\"async\" width=\"1024\" height=\"683\" src=\"https:\/\/actualidadurbana.com\/wp-content\/uploads\/2023\/04\/PATIO-FOLKORICO-ALBA-QUIROGA-2-1024x683.jpg\" alt=\"\" class=\"wp-image-28846\" srcset=\"https:\/\/actualidadurbana.com\/wp-content\/uploads\/2023\/04\/PATIO-FOLKORICO-ALBA-QUIROGA-2-1024x683.jpg 1024w, https:\/\/actualidadurbana.com\/wp-content\/uploads\/2023\/04\/PATIO-FOLKORICO-ALBA-QUIROGA-2-300x200.jpg 300w, https:\/\/actualidadurbana.com\/wp-content\/uploads\/2023\/04\/PATIO-FOLKORICO-ALBA-QUIROGA-2-768x512.jpg 768w, https:\/\/actualidadurbana.com\/wp-content\/uploads\/2023\/04\/PATIO-FOLKORICO-ALBA-QUIROGA-2-696x464.jpg 696w, https:\/\/actualidadurbana.com\/wp-content\/uploads\/2023\/04\/PATIO-FOLKORICO-ALBA-QUIROGA-2-1068x712.jpg 1068w, https:\/\/actualidadurbana.com\/wp-content\/uploads\/2023\/04\/PATIO-FOLKORICO-ALBA-QUIROGA-2.jpg 1152w\" sizes=\"auto, (max-width: 1024px) 100vw, 1024px\" \/><\/figure>\n\n\n\n<p>Del encuentro participaron el director del foro de Cultura Popular, Andr\u00e9s Cardozo Campo, profesores, bailarines, cantantes, ex alumnos de Quiroga y autoridades del \u00e1rea de Cultura del Municipio.<\/p>\n\n\n\n<figure class=\"wp-block-image size-large\"><img loading=\"lazy\" decoding=\"async\" width=\"1024\" height=\"683\" src=\"https:\/\/actualidadurbana.com\/wp-content\/uploads\/2023\/04\/PATIO-FOLKORICO-ALBA-QUIROGA-8-1024x683.jpg\" alt=\"\" class=\"wp-image-28847\" srcset=\"https:\/\/actualidadurbana.com\/wp-content\/uploads\/2023\/04\/PATIO-FOLKORICO-ALBA-QUIROGA-8-1024x683.jpg 1024w, https:\/\/actualidadurbana.com\/wp-content\/uploads\/2023\/04\/PATIO-FOLKORICO-ALBA-QUIROGA-8-300x200.jpg 300w, https:\/\/actualidadurbana.com\/wp-content\/uploads\/2023\/04\/PATIO-FOLKORICO-ALBA-QUIROGA-8-768x512.jpg 768w, https:\/\/actualidadurbana.com\/wp-content\/uploads\/2023\/04\/PATIO-FOLKORICO-ALBA-QUIROGA-8-696x464.jpg 696w, https:\/\/actualidadurbana.com\/wp-content\/uploads\/2023\/04\/PATIO-FOLKORICO-ALBA-QUIROGA-8-1068x712.jpg 1068w, https:\/\/actualidadurbana.com\/wp-content\/uploads\/2023\/04\/PATIO-FOLKORICO-ALBA-QUIROGA-8.jpg 1152w\" sizes=\"auto, (max-width: 1024px) 100vw, 1024px\" \/><\/figure>\n\n\n\n<p>A la docente se le realiz\u00f3 una entrega de varios presentes, una placa y el reconocimiento de todo el p\u00fablico del distrito por preservar el <strong>Patrimonio Cultural Argentino<\/strong> a trav\u00e9s de la ense\u00f1anza del baile tradicional.<\/p>\n\n\n\n<figure class=\"wp-block-image size-large\"><img loading=\"lazy\" decoding=\"async\" width=\"1024\" height=\"576\" src=\"https:\/\/actualidadurbana.com\/wp-content\/uploads\/2023\/04\/PATIO-FOLKORICO-ALBA-QUIROGA-6-1024x576.jpg\" alt=\"\" class=\"wp-image-28845\" srcset=\"https:\/\/actualidadurbana.com\/wp-content\/uploads\/2023\/04\/PATIO-FOLKORICO-ALBA-QUIROGA-6-1024x576.jpg 1024w, https:\/\/actualidadurbana.com\/wp-content\/uploads\/2023\/04\/PATIO-FOLKORICO-ALBA-QUIROGA-6-300x169.jpg 300w, https:\/\/actualidadurbana.com\/wp-content\/uploads\/2023\/04\/PATIO-FOLKORICO-ALBA-QUIROGA-6-768x432.jpg 768w, https:\/\/actualidadurbana.com\/wp-content\/uploads\/2023\/04\/PATIO-FOLKORICO-ALBA-QUIROGA-6-696x392.jpg 696w, https:\/\/actualidadurbana.com\/wp-content\/uploads\/2023\/04\/PATIO-FOLKORICO-ALBA-QUIROGA-6-1068x601.jpg 1068w, https:\/\/actualidadurbana.com\/wp-content\/uploads\/2023\/04\/PATIO-FOLKORICO-ALBA-QUIROGA-6.jpg 1200w\" sizes=\"auto, (max-width: 1024px) 100vw, 1024px\" \/><\/figure>\n","protected":false},"excerpt":{"rendered":"<p>La jornada art\u00edstica fue en reconocimiento a la profesora oriunda del distrito de Merlo, Alba Quiroga. Adem\u00e1s, los presentes pudieron disfrutar de la feria de artesanos, emprendedores, puestos de gastronom\u00eda, m\u00fasica en vivo y n\u00fameros art\u00edsticos. El evento fue realizado por la Secretar\u00eda de Cultura de la jurisdicci\u00f3n en conjunto con el Consejo Federal de [&hellip;]<\/p>\n","protected":false},"author":1,"featured_media":28848,"comment_status":"open","ping_status":"open","sticky":false,"template":"","format":"standard","meta":{"footnotes":""},"categories":[517],"tags":[331,332,333,334,17,52,24,335,336],"class_list":["post-28843","post","type-post","status-publish","format-standard","has-post-thumbnail","hentry","category-cultura-merlo","tag-alba-quiroga","tag-coffar","tag-consejo-federal-de-folklore-de-argentina","tag-folklore","tag-gustavo-menendez","tag-merlo","tag-municipio-de-merlo","tag-profesora-de-folklore","tag-secretaria-de-cultura-de-merlo"],"amp_enabled":true,"_links":{"self":[{"href":"https:\/\/actualidadurbana.com\/index.php\/wp-json\/wp\/v2\/posts\/28843","targetHints":{"allow":["GET"]}}],"collection":[{"href":"https:\/\/actualidadurbana.com\/index.php\/wp-json\/wp\/v2\/posts"}],"about":[{"href":"https:\/\/actualidadurbana.com\/index.php\/wp-json\/wp\/v2\/types\/post"}],"author":[{"embeddable":true,"href":"https:\/\/actualidadurbana.com\/index.php\/wp-json\/wp\/v2\/users\/1"}],"replies":[{"embeddable":true,"href":"https:\/\/actualidadurbana.com\/index.php\/wp-json\/wp\/v2\/comments?post=28843"}],"version-history":[{"count":1,"href":"https:\/\/actualidadurbana.com\/index.php\/wp-json\/wp\/v2\/posts\/28843\/revisions"}],"predecessor-version":[{"id":28922,"href":"https:\/\/actualidadurbana.com\/index.php\/wp-json\/wp\/v2\/posts\/28843\/revisions\/28922"}],"wp:featuredmedia":[{"embeddable":true,"href":"https:\/\/actualidadurbana.com\/index.php\/wp-json\/wp\/v2\/media\/28848"}],"wp:attachment":[{"href":"https:\/\/actualidadurbana.com\/index.php\/wp-json\/wp\/v2\/media?parent=28843"}],"wp:term":[{"taxonomy":"category","embeddable":true,"href":"https:\/\/actualidadurbana.com\/index.php\/wp-json\/wp\/v2\/categories?post=28843"},{"taxonomy":"post_tag","embeddable":true,"href":"https:\/\/actualidadurbana.com\/index.php\/wp-json\/wp\/v2\/tags?post=28843"}],"curies":[{"name":"wp","href":"https:\/\/api.w.org\/{rel}","templated":true}]}}