{"id":29305,"date":"2023-08-09T09:50:26","date_gmt":"2023-08-09T12:50:26","guid":{"rendered":"https:\/\/actualidadurbana.com\/?p=29305"},"modified":"2023-12-01T14:43:57","modified_gmt":"2023-12-01T17:43:57","slug":"falla-electrica-dejo-sin-luz-la-estacion-constitucion","status":"publish","type":"post","link":"https:\/\/actualidadurbana.com\/index.php\/2023\/08\/09\/falla-electrica-dejo-sin-luz-la-estacion-constitucion\/","title":{"rendered":"FALLA EL\u00c9CTRICA DEJ\u00d3 SIN LUZ LA ESTACI\u00d3N CONSTITUCI\u00d3N"},"content":{"rendered":"\n<p><strong>Afecta a todos los ramales el\u00e9ctricos, pero no hay interrupci\u00f3n del servicio. El desperfecto t\u00e9cnico se registr\u00f3 en el sistema de alimentaci\u00f3n de la cabecera<\/strong>.<\/p>\n\n\n\n<p>Otra ma\u00f1ana complicada para los usuarios de los trenes que a diario sufren todo tipo de retrasos en sus vidas cotidianas este mi\u00e9rcoles la estaci\u00f3n constituci\u00f3n amaneci\u00f3 sin luz producto de un falla el\u00e9ctrica que afecta a todos los ramales el\u00e9ctricos y provoco importantes demoras. &nbsp;<\/p>\n\n\n\n<p>Trenes Argentinos precis\u00f3 que se trata de una falla en la l\u00ednea de fuerza el\u00e9ctrica que alimenta la iluminaci\u00f3n de la estaci\u00f3n Constituci\u00f3n, como as\u00ed tambi\u00e9n el sistema de se\u00f1alizaci\u00f3n que utilizan los ramales el\u00e9ctricos de la l\u00ednea que conecta la Capital Federal con la zona sur del Conurbano bonaerense.<\/p>\n\n\n\n<p>Desde&nbsp;<a href=\"https:\/\/www.argentina.gob.ar\/transporte\/trenes\">Trenes Argentinos<\/a>&nbsp;informaron que los operarios ya trabajan para solucionar el desperfecto t\u00e9cnico, aunque aclararon que el servicio no se vio interrumpido en ning\u00fan momento.<\/p>\n\n\n\n<p>Los ramales el\u00e9ctricos de Alejandro Korn, Ezeiza, La Plata y Bosques son los m\u00e1s afectados por esta falla, que tambi\u00e9n dej\u00f3 a oscuras a la estaci\u00f3n Constituci\u00f3n.<\/p>\n\n\n\n<p>Pasadas las 7.30 de la ma\u00f1ana, el ramal Tigre de la l\u00ednea Mitre tambi\u00e9n circulaba con demoras y cancelaciones por problemas t\u00e9cnicos.<\/p>\n","protected":false},"excerpt":{"rendered":"<p>Afecta a todos los ramales el\u00e9ctricos, pero no hay interrupci\u00f3n del servicio. El desperfecto t\u00e9cnico se registr\u00f3 en el sistema de alimentaci\u00f3n de la cabecera. Otra ma\u00f1ana complicada para los usuarios de los trenes que a diario sufren todo tipo de retrasos en sus vidas cotidianas este mi\u00e9rcoles la estaci\u00f3n constituci\u00f3n amaneci\u00f3 sin luz producto [&hellip;]<\/p>\n","protected":false},"author":3,"featured_media":29306,"comment_status":"open","ping_status":"open","sticky":false,"template":"","format":"standard","meta":{"footnotes":""},"categories":[486],"tags":[452,454,453,455],"class_list":["post-29305","post","type-post","status-publish","format-standard","has-post-thumbnail","hentry","category-sociedad-nacionales","tag-constitucion","tag-falla-electrica","tag-linea-roca","tag-trenes-argentinos"],"amp_enabled":true,"_links":{"self":[{"href":"https:\/\/actualidadurbana.com\/index.php\/wp-json\/wp\/v2\/posts\/29305","targetHints":{"allow":["GET"]}}],"collection":[{"href":"https:\/\/actualidadurbana.com\/index.php\/wp-json\/wp\/v2\/posts"}],"about":[{"href":"https:\/\/actualidadurbana.com\/index.php\/wp-json\/wp\/v2\/types\/post"}],"author":[{"embeddable":true,"href":"https:\/\/actualidadurbana.com\/index.php\/wp-json\/wp\/v2\/users\/3"}],"replies":[{"embeddable":true,"href":"https:\/\/actualidadurbana.com\/index.php\/wp-json\/wp\/v2\/comments?post=29305"}],"version-history":[{"count":1,"href":"https:\/\/actualidadurbana.com\/index.php\/wp-json\/wp\/v2\/posts\/29305\/revisions"}],"predecessor-version":[{"id":29307,"href":"https:\/\/actualidadurbana.com\/index.php\/wp-json\/wp\/v2\/posts\/29305\/revisions\/29307"}],"wp:featuredmedia":[{"embeddable":true,"href":"https:\/\/actualidadurbana.com\/index.php\/wp-json\/wp\/v2\/media\/29306"}],"wp:attachment":[{"href":"https:\/\/actualidadurbana.com\/index.php\/wp-json\/wp\/v2\/media?parent=29305"}],"wp:term":[{"taxonomy":"category","embeddable":true,"href":"https:\/\/actualidadurbana.com\/index.php\/wp-json\/wp\/v2\/categories?post=29305"},{"taxonomy":"post_tag","embeddable":true,"href":"https:\/\/actualidadurbana.com\/index.php\/wp-json\/wp\/v2\/tags?post=29305"}],"curies":[{"name":"wp","href":"https:\/\/api.w.org\/{rel}","templated":true}]}}