{"id":29395,"date":"2023-09-12T13:32:43","date_gmt":"2023-09-12T16:32:43","guid":{"rendered":"https:\/\/actualidadurbana.com\/?p=29395"},"modified":"2023-09-12T13:32:44","modified_gmt":"2023-09-12T16:32:44","slug":"hoy-dia-sobre-la-conciencia-de-la-migrana-a-nivel-global","status":"publish","type":"post","link":"https:\/\/actualidadurbana.com\/index.php\/2023\/09\/12\/hoy-dia-sobre-la-conciencia-de-la-migrana-a-nivel-global\/","title":{"rendered":"HOY: DIA SOBRE LA CONCIENCIA DE LA MIGRA\u00d1A A NIVEL GLOBAL"},"content":{"rendered":"\n<p>La frase &#8220;Me parte la cabeza&#8221; es una expresi\u00f3n coloquial que a menudo usan las personas que padecen migra\u00f1as. No obstante, esta afecci\u00f3n va mucho m\u00e1s all\u00e1 de un simple dolor de cabeza. La migra\u00f1a es un trastorno agudo que, en su forma m\u00e1s avanzada, puede volverse profundamente incapacitante. Afectando a aproximadamente 1 de cada 7 personas en todo el mundo, se estima que un 2% de la poblaci\u00f3n la sufre de manera cr\u00f3nica. Es importante comprender que la migra\u00f1a no es solo un dolor de cabeza, sino una afecci\u00f3n compleja que impacta significativamente la calidad de vida de quienes la experimentan.<\/p>\n\n\n\n<p>Se caracteriza por la presencia de una&nbsp;<strong>cefalea con intensidad moderada o severa<\/strong>, es&nbsp;<strong>puls\u00e1til&nbsp;<\/strong>(genera la sensaci\u00f3n de que la cabeza late) y se siente generalmente en un solo lado de la cabeza. El estr\u00e9s, est\u00edmulos como ruidos y olores intensos, las fluctuaciones extremas en la temperatura y la automedicaci\u00f3n, pueden ser disparadores cotidianos de este malestar.<\/p>\n\n\n\n<p>En el&nbsp;<strong>D\u00eda Internacional de acci\u00f3n contra la Migra\u00f1a&nbsp;<\/strong>que se celebra cada 12 de septiembre, la buena noticia es que hace apenas unos d\u00edas se autoriz\u00f3 en Argentina&nbsp;<strong>la primera medicaci\u00f3n para la prevenci\u00f3n y el tratamiento<\/strong>&nbsp;de esta dolencia, que afecta en su mayor\u00eda a mujeres.<\/p>\n\n\n\n<p>\u201cEs muy habitual el subdiagn\u00f3stico de la cefalea. Se estima que m\u00e1s del 90% de la poblaci\u00f3n tuvo dolor de cabeza (cefalea) en alg\u00fan momento de su vida, lo que no significa que sea abordada debidamente. Seg\u00fan estudios publicados, s\u00f3lo el&nbsp;<strong>40%&nbsp;<\/strong>de las personas con cefaleas cr\u00f3nicas&nbsp;<strong>llegan al diagn\u00f3stico<\/strong>&nbsp;y de ellas, apenas el 26% comienza un tratamiento adecuado\u201d, precis\u00f3 el doctor Daniel Gestro (MN 97150), de la Divisi\u00f3n Neurolog\u00eda del Hospital de Cl\u00ednicas de la Universidad de Buenos Aires.<\/p>\n\n\n\n<h2 class=\"wp-block-heading\">\u00bfQu\u00e9 es la migra\u00f1a?<\/h2>\n\n\n\n<p><img loading=\"lazy\" decoding=\"async\" alt=\"Seg\u00fan la OMS, el 40% de los pacientes con migra\u00f1a sufre m\u00e1s de un ataque al mes, los cuales se extienden por m\u00e1s de 24 horas en el 50% de casos (Imagen Ilustrativa Infobae)\" height=\"390\" width=\"696\" src=\"https:\/\/i0.wp.com\/www.infobae.com\/new-resizer\/nRhojrk5hDKodMEbBEoAczoNQr0=\/arc-anglerfish-arc2-prod-infobae\/public\/WTR6Z3OLHNBMBJWMWM3GBW46TI.png?resize=696%2C390&amp;ssl=1\" srcset=\"https:\/\/www.infobae.com\/new-resizer\/aRhVf8O_q6fqlIhXj7Hgcc1tI10=\/420x236\/filters:format(webp):quality(85)\/cloudfront-us-east-1.images.arcpublishing.com\/infobae\/WTR6Z3OLHNBMBJWMWM3GBW46TI.png 420w,https:\/\/www.infobae.com\/new-resizer\/c2uKUHQzjsEcAFHwlvcRZQDhpkU=\/768x432\/filters:format(webp):quality(85)\/cloudfront-us-east-1.images.arcpublishing.com\/infobae\/WTR6Z3OLHNBMBJWMWM3GBW46TI.png 768w,https:\/\/www.infobae.com\/new-resizer\/-xAzi_bmRksJHSIrQ-TH0OhThiM=\/992x558\/filters:format(webp):quality(85)\/cloudfront-us-east-1.images.arcpublishing.com\/infobae\/WTR6Z3OLHNBMBJWMWM3GBW46TI.png 992w,https:\/\/www.infobae.com\/new-resizer\/ma1YSHdXiTzvaUlXVdopr2qfJIw=\/1200x675\/filters:format(webp):quality(85)\/cloudfront-us-east-1.images.arcpublishing.com\/infobae\/WTR6Z3OLHNBMBJWMWM3GBW46TI.png 1200w,https:\/\/www.infobae.com\/new-resizer\/fjx34zb4fYSH0FaOJtmfWGHwBRc=\/1440x810\/filters:format(webp):quality(85)\/cloudfront-us-east-1.images.arcpublishing.com\/infobae\/WTR6Z3OLHNBMBJWMWM3GBW46TI.png 1440w\">Seg\u00fan la OMS, el 40% de los pacientes con migra\u00f1a sufre m\u00e1s de un ataque al mes, los cuales se extienden por m\u00e1s de 24 horas en el 50% de casos (Imagen Ilustrativa Infobae)<\/p>\n\n\n\n<p>La migra\u00f1a, tambi\u00e9n conocida como jaqueca, es una forma particular de cefalea que se presenta con m\u00e1s frecuencia entre los 20 y 40 a\u00f1os, comenzando generalmente en la pubertad. De cada cuatro personas con migra\u00f1a, tres son mujeres, lo que se atribuye a la&nbsp;<strong>influencia hormonal<\/strong>, particularmente los estr\u00f3genos.<\/p>\n\n\n\n<p>Dentro de las principales causas, el neur\u00f3logo del Hospital de Cl\u00ednicas se\u00f1al\u00f3 que se trata de un<strong>&nbsp;trastorno gen\u00e9tico<\/strong>, asociado a cuestiones muy variadas, que van desde cambios bruscos de temperatura (calor intenso), en la presi\u00f3n barom\u00e9trica o altitud, hasta est\u00edmulos sensoriales intensos (luces brillantes, ruidos fuertes, aromas intensos: perfumes, sahumerios, solventes, etc.)<\/p>\n\n\n\n<p>Cuando el dolor surge de forma s\u00fabita y es intenso, si persiste en un lado espec\u00edfico de la cabeza, o si viene acompa\u00f1ado de otros s\u00edntomas como trastornos visuales, sensaci\u00f3n de hormigueo o problemas de habla, es sumamente importante consultar al m\u00e9dico.<\/p>\n\n\n\n<p>Adem\u00e1s, el doctor Gestro advirti\u00f3 sobre la frecuencia con la que las personas optan por la tomar distintos f\u00e1rmacos de venta libre&nbsp;<strong>sin consultar al m\u00e9dico<\/strong>, y esta tendencia a la&nbsp;<strong>automedicaci\u00f3n&nbsp;<\/strong>puede derivar en un consumo excesivo de analg\u00e9sicos.<\/p>\n\n\n\n<h2 class=\"wp-block-heading\">El tratamiento que reduce a la mitad los d\u00edas con s\u00edntomas<\/h2>\n\n\n\n<p><img loading=\"lazy\" decoding=\"async\" alt=\"Muchas personas se automedican con analg\u00e9sicos para aliviar el dolor asociado a las crisis de migra\u00f1a (Getty)\" height=\"391\" width=\"696\" src=\"https:\/\/i0.wp.com\/www.infobae.com\/new-resizer\/9i-gMIrAcPxxRXGNX3Tk5onZiWg=\/arc-anglerfish-arc2-prod-infobae\/public\/ZB3S6WDRK5FQRMN2GLSOJMENPE.jpg?resize=696%2C391&amp;ssl=1\" srcset=\"https:\/\/www.infobae.com\/new-resizer\/Z-Vmkyg1mtsycMoP_RJNhklkMdk=\/420x236\/filters:format(webp):quality(85)\/cloudfront-us-east-1.images.arcpublishing.com\/infobae\/ZB3S6WDRK5FQRMN2GLSOJMENPE.jpg 420w,https:\/\/www.infobae.com\/new-resizer\/cbCay86vTWF8AfpzwBnMTmX5kNM=\/768x432\/filters:format(webp):quality(85)\/cloudfront-us-east-1.images.arcpublishing.com\/infobae\/ZB3S6WDRK5FQRMN2GLSOJMENPE.jpg 768w,https:\/\/www.infobae.com\/new-resizer\/18KM77oMMz6XrEOlbXQRkHRjZew=\/992x558\/filters:format(webp):quality(85)\/cloudfront-us-east-1.images.arcpublishing.com\/infobae\/ZB3S6WDRK5FQRMN2GLSOJMENPE.jpg 992w,https:\/\/www.infobae.com\/new-resizer\/f30rRneMF00tLiIvYu0Mn0bZxmk=\/1200x675\/filters:format(webp):quality(85)\/cloudfront-us-east-1.images.arcpublishing.com\/infobae\/ZB3S6WDRK5FQRMN2GLSOJMENPE.jpg 1200w,https:\/\/www.infobae.com\/new-resizer\/XEdyZ0cfHCTw-1fa2IsmpiLu7O8=\/1440x810\/filters:format(webp):quality(85)\/cloudfront-us-east-1.images.arcpublishing.com\/infobae\/ZB3S6WDRK5FQRMN2GLSOJMENPE.jpg 1440w\">Muchas personas se automedican con analg\u00e9sicos para aliviar el dolor asociado a las crisis de migra\u00f1a (Getty)<\/p>\n\n\n\n<p>En Argentina, la Administraci\u00f3n Nacional de Medicamentos, Alimentos y Tecnolog\u00eda M\u00e9dica (ANMAT)&nbsp;<a rel=\"noreferrer noopener\" href=\"https:\/\/www.infobae.com\/salud\/2023\/09\/07\/aprueban-en-en-el-pais-la-primera-medicacion-para-la-prevencion-y-el-tratamiento-de-la-migrana\/#:~:text=De%20qu%C3%A9%20hablamos%20cuando%20hablamos%20de%20migra%C3%B1a&amp;text=Este%20tipo%20de%20dolor%20de,un%20lado%20de%20la%20cabeza.\" target=\"_blank\">aprob\u00f3&nbsp;<\/a>la semana pasada el primer medicamento para la prevenci\u00f3n y tratamiento de la migra\u00f1a, tanto para<strong>&nbsp;calmar el dolor&nbsp;<\/strong>en los episodios agudos como para prevenirlos. Se trata de un medicamento de venta bajo receta que<strong>&nbsp;debe ser indicado por el m\u00e9dico<\/strong>.<\/p>\n\n\n\n<p>El f\u00e1rmaco, denominado&nbsp;<strong>rimegepant<\/strong>, ya se encuentra disponible en el pa\u00eds y demostr\u00f3<strong>&nbsp;reducir los d\u00edas de migra\u00f1a en un 50% en la mitad de los pacientes&nbsp;<\/strong>despu\u00e9s de tres meses de tratamiento. El tratamiento ya se utiliza en distintas partes del mundo, ya que fue aprobado en 2020 por la Administraci\u00f3n de Alimentos y Medicamentos (<strong>FDA<\/strong>) de los Estados Unidos y en abril de 2022 por la autoridad sanitaria de la Comunidad Europea (<strong>EMA<\/strong>).<\/p>\n\n\n\n<p>Desarrollado por Pfizer, este medicamento es el primero aprobado tanto para tratar el dolor causado por la migra\u00f1a como para prevenir sus episodios. Funciona&nbsp;<strong>bloqueando la actividad del receptor CGRP,<\/strong>&nbsp;un compuesto relacionado con la sensibilidad a est\u00edmulos sensoriales, atacando as\u00ed una de las&nbsp;<strong>causas&nbsp;<\/strong>principales del dolor en la migra\u00f1a.<\/p>\n\n\n\n<p>La indicaci\u00f3n aprobada incluye el tratamiento de personas a partir de los 18 a\u00f1os con migra\u00f1a aguda, con o sin aura e independientemente de la cantidad de episodios que presentan al mes, y tambi\u00e9n en forma preventiva en aquellos adultos con \u201cmigra\u00f1a epis\u00f3dica\u201d, que es aquella que aparece en hasta 15 d\u00edas al mes.<\/p>\n\n\n\n<p>Seg\u00fan se vio en los&nbsp;<a href=\"https:\/\/www.thelancet.com\/journals\/lancet\/article\/PIIS0140-6736(19)31606-X\/fulltext\">estudios<\/a>, una sola dosis de rimegepant puede brindar r\u00e1pido alivio del dolor a las personas con migra\u00f1a, dolor que en muchos pacientes puede llegar a durar hasta 72 horas.<\/p>\n\n\n\n<h2 class=\"wp-block-heading\">Cinco consejos para quienes sufren migra\u00f1as<\/h2>\n\n\n\n<p><img loading=\"lazy\" decoding=\"async\" alt=\"11\/09\/2020 Migra\u00f1a\nESPA\u00d1A EUROPA MADRID SALUD\nTECH SALES COMUNICACION\n\" height=\"463\" width=\"696\" src=\"https:\/\/i0.wp.com\/www.infobae.com\/new-resizer\/2AuqnSf16OuXSK3MZS0xfGaMpDw=\/arc-anglerfish-arc2-prod-infobae\/public\/QFA2PGHQ6BGXTJG6INRPHJLXHI.jpg?resize=696%2C463&amp;ssl=1\" srcset=\"https:\/\/www.infobae.com\/new-resizer\/L3ijvBAdlT2GpXnUgRClWytLJxc=\/420x280\/filters:format(webp):quality(85)\/cloudfront-us-east-1.images.arcpublishing.com\/infobae\/QFA2PGHQ6BGXTJG6INRPHJLXHI.jpg 420w,https:\/\/www.infobae.com\/new-resizer\/GYzs-I6_lhlXTV11boDTNY3-Nmw=\/768x512\/filters:format(webp):quality(85)\/cloudfront-us-east-1.images.arcpublishing.com\/infobae\/QFA2PGHQ6BGXTJG6INRPHJLXHI.jpg 768w,https:\/\/www.infobae.com\/new-resizer\/cMgMQj8umFsAPgWSxEgh0kmt7uk=\/992x661\/filters:format(webp):quality(85)\/cloudfront-us-east-1.images.arcpublishing.com\/infobae\/QFA2PGHQ6BGXTJG6INRPHJLXHI.jpg 992w,https:\/\/www.infobae.com\/new-resizer\/7nS9Dq3AZA7yCaAkVcaUC6sco7U=\/1200x800\/filters:format(webp):quality(85)\/cloudfront-us-east-1.images.arcpublishing.com\/infobae\/QFA2PGHQ6BGXTJG6INRPHJLXHI.jpg 1200w,https:\/\/www.infobae.com\/new-resizer\/NDZ9-rbtnwGyuFcuSefv3W1lBqE=\/1440x960\/filters:format(webp):quality(85)\/cloudfront-us-east-1.images.arcpublishing.com\/infobae\/QFA2PGHQ6BGXTJG6INRPHJLXHI.jpg 1440w\">11\/09\/2020 Migra\u00f1a ESPA\u00d1A EUROPA MADRID SALUD TECH SALES COMUNICACION<\/p>\n\n\n\n<p>1 \u2013 Registrar en un calendario los d\u00edas con dolor de cabeza y la cantidad de medicamentos consumidos. Si son m\u00e1s de seis al mes, es crucial consultar al m\u00e9dico<\/p>\n\n\n\n<p>2 \u2013 Mantener una ingesta regular de comida, al menos cada tres horas<\/p>\n\n\n\n<p>3- Procurar un patr\u00f3n de sue\u00f1o constante y tratar de dormir la misma cantidad de horas por noche<\/p>\n\n\n\n<p>4 \u2013 Realizar actividad f\u00edsica aer\u00f3bica diariamente y en un horario similar<\/p>\n\n\n\n<p>5 \u2013 Identificar posibles alimentos o bebidas que puedan estar relacionados con los episodios de migra\u00f1a<\/p>\n","protected":false},"excerpt":{"rendered":"<p>La frase &#8220;Me parte la cabeza&#8221; es una expresi\u00f3n coloquial que a menudo usan las personas que padecen migra\u00f1as. No obstante, esta afecci\u00f3n va mucho m\u00e1s all\u00e1 de un simple dolor de cabeza. La migra\u00f1a es un trastorno agudo que, en su forma m\u00e1s avanzada, puede volverse profundamente incapacitante. Afectando a aproximadamente 1 de cada [&hellip;]<\/p>\n","protected":false},"author":3,"featured_media":29396,"comment_status":"closed","ping_status":"closed","sticky":false,"template":"","format":"standard","meta":{"footnotes":""},"categories":[486],"tags":[549,548,546,547],"class_list":["post-29395","post","type-post","status-publish","format-standard","has-post-thumbnail","hentry","category-sociedad-nacionales","tag-cefalea","tag-dia-mundial-de-la-migrana","tag-salud-2","tag-sociedad-2"],"amp_enabled":true,"_links":{"self":[{"href":"https:\/\/actualidadurbana.com\/index.php\/wp-json\/wp\/v2\/posts\/29395","targetHints":{"allow":["GET"]}}],"collection":[{"href":"https:\/\/actualidadurbana.com\/index.php\/wp-json\/wp\/v2\/posts"}],"about":[{"href":"https:\/\/actualidadurbana.com\/index.php\/wp-json\/wp\/v2\/types\/post"}],"author":[{"embeddable":true,"href":"https:\/\/actualidadurbana.com\/index.php\/wp-json\/wp\/v2\/users\/3"}],"replies":[{"embeddable":true,"href":"https:\/\/actualidadurbana.com\/index.php\/wp-json\/wp\/v2\/comments?post=29395"}],"version-history":[{"count":1,"href":"https:\/\/actualidadurbana.com\/index.php\/wp-json\/wp\/v2\/posts\/29395\/revisions"}],"predecessor-version":[{"id":29397,"href":"https:\/\/actualidadurbana.com\/index.php\/wp-json\/wp\/v2\/posts\/29395\/revisions\/29397"}],"wp:featuredmedia":[{"embeddable":true,"href":"https:\/\/actualidadurbana.com\/index.php\/wp-json\/wp\/v2\/media\/29396"}],"wp:attachment":[{"href":"https:\/\/actualidadurbana.com\/index.php\/wp-json\/wp\/v2\/media?parent=29395"}],"wp:term":[{"taxonomy":"category","embeddable":true,"href":"https:\/\/actualidadurbana.com\/index.php\/wp-json\/wp\/v2\/categories?post=29395"},{"taxonomy":"post_tag","embeddable":true,"href":"https:\/\/actualidadurbana.com\/index.php\/wp-json\/wp\/v2\/tags?post=29395"}],"curies":[{"name":"wp","href":"https:\/\/api.w.org\/{rel}","templated":true}]}}