{"id":29614,"date":"2023-11-09T16:02:16","date_gmt":"2023-11-09T19:02:16","guid":{"rendered":"https:\/\/actualidadurbana.com\/?p=29614"},"modified":"2025-03-05T11:48:44","modified_gmt":"2025-03-05T14:48:44","slug":"taller-de-informatica-basica-gratuito-para-la-comunidad-de-merlo","status":"publish","type":"post","link":"https:\/\/actualidadurbana.com\/index.php\/2023\/11\/09\/taller-de-informatica-basica-gratuito-para-la-comunidad-de-merlo\/","title":{"rendered":"TALLER DE INFORM\u00c1TICA B\u00c1SICA GRATUITO PARA LA COMUNIDAD DE MERLO"},"content":{"rendered":"\n<p><strong>La administraci\u00f3n local de Merlo promueve la educaci\u00f3n sin costo para los residentes del distrito en colaboraci\u00f3n con SMATA, y las inscripciones siguen abiertas.<\/strong><\/p>\n\n\n\n<p>Las clases cuentan con conocimiento b\u00e1sico como el uso de exploradores, tipos de hardware y programas, sistemas operativos, planillas de c\u00e1lculo Excel y Word (nivel avanzado y medio).<\/p>\n\n\n\n<figure class=\"wp-block-image\"><img decoding=\"async\" src=\"https:\/\/i0.wp.com\/soloprovincia.com.ar\/wp-content\/uploads\/2023\/11\/Curso-Gratuito-de-Informatica-Basica-para-Merlenses-4-1024x683.jpg?resize=696%2C464&amp;ssl=1\" alt=\"\" class=\"wp-image-46335\"\/><\/figure>\n\n\n\n<p>La capacitaci\u00f3n es trimestral y presencial. La misma se dicta en el Aula M\u00f3vil del Centro de Arte y Exposiciones La Usina \u2013 Malvinas 1750 (Libertad). A cargo de las clases est\u00e1n profesores y profesionales del \u00e1rea.<\/p>\n\n\n\n<p>Por otra parte, los vecinos pueden acceder a estos otros cursos:<\/p>\n\n\n\n<ul class=\"wp-block-list\">\n<li>Mec\u00e1nica de Motores Diesel<\/li>\n\n\n\n<li>Mec\u00e1nica de Motores Nafteros<\/li>\n\n\n\n<li>Mec\u00e1nica de Motos<\/li>\n\n\n\n<li>Muebles Artesanales y Objetos Decorativos<\/li>\n\n\n\n<li>Soldadura B\u00e1sica<\/li>\n\n\n\n<li>Programaci\u00f3n<\/li>\n<\/ul>\n\n\n\n<p>Los cursos resultan de un convenio entre la Municipalidad de Merlo con el&nbsp;<a href=\"https:\/\/www.argentina.gob.ar\/trabajo\">Ministerio de Trabajo, Empleo y Seguridad Social de la Naci\u00f3n<\/a>&nbsp;y el&nbsp;<a href=\"https:\/\/www.smata.com.ar\/\">Sindicato de Mec\u00e1nicos y Afines del Transporte Automotor (SMATA)<\/a>.<\/p>\n","protected":false},"excerpt":{"rendered":"<p>La administraci\u00f3n local de Merlo promueve la educaci\u00f3n sin costo para los residentes del distrito en colaboraci\u00f3n con SMATA, y las inscripciones siguen abiertas. Las clases cuentan con conocimiento b\u00e1sico como el uso de exploradores, tipos de hardware y programas, sistemas operativos, planillas de c\u00e1lculo Excel y Word (nivel avanzado y medio). La capacitaci\u00f3n es [&hellip;]<\/p>\n","protected":false},"author":3,"featured_media":29615,"comment_status":"closed","ping_status":"closed","sticky":false,"template":"","format":"standard","meta":{"footnotes":""},"categories":[1420],"tags":[636,634,389,52,586,24,635,633],"class_list":["post-29614","post","type-post","status-publish","format-standard","has-post-thumbnail","hentry","category-educacion-merlo","tag-centro-de-arte-y-exposiciones-la-usina","tag-empleo-y-seguridad-social-de-la-nacion","tag-intendencia-menendez","tag-merlo","tag-ministerio-de-trabajo","tag-municipio-de-merlo","tag-sindicato-de-mecanicos-y-afines-del-transporte-automotor","tag-smata"],"amp_enabled":true,"_links":{"self":[{"href":"https:\/\/actualidadurbana.com\/index.php\/wp-json\/wp\/v2\/posts\/29614","targetHints":{"allow":["GET"]}}],"collection":[{"href":"https:\/\/actualidadurbana.com\/index.php\/wp-json\/wp\/v2\/posts"}],"about":[{"href":"https:\/\/actualidadurbana.com\/index.php\/wp-json\/wp\/v2\/types\/post"}],"author":[{"embeddable":true,"href":"https:\/\/actualidadurbana.com\/index.php\/wp-json\/wp\/v2\/users\/3"}],"replies":[{"embeddable":true,"href":"https:\/\/actualidadurbana.com\/index.php\/wp-json\/wp\/v2\/comments?post=29614"}],"version-history":[{"count":1,"href":"https:\/\/actualidadurbana.com\/index.php\/wp-json\/wp\/v2\/posts\/29614\/revisions"}],"predecessor-version":[{"id":29616,"href":"https:\/\/actualidadurbana.com\/index.php\/wp-json\/wp\/v2\/posts\/29614\/revisions\/29616"}],"wp:featuredmedia":[{"embeddable":true,"href":"https:\/\/actualidadurbana.com\/index.php\/wp-json\/wp\/v2\/media\/29615"}],"wp:attachment":[{"href":"https:\/\/actualidadurbana.com\/index.php\/wp-json\/wp\/v2\/media?parent=29614"}],"wp:term":[{"taxonomy":"category","embeddable":true,"href":"https:\/\/actualidadurbana.com\/index.php\/wp-json\/wp\/v2\/categories?post=29614"},{"taxonomy":"post_tag","embeddable":true,"href":"https:\/\/actualidadurbana.com\/index.php\/wp-json\/wp\/v2\/tags?post=29614"}],"curies":[{"name":"wp","href":"https:\/\/api.w.org\/{rel}","templated":true}]}}