{"id":29638,"date":"2023-11-16T14:27:44","date_gmt":"2023-11-16T17:27:44","guid":{"rendered":"https:\/\/actualidadurbana.com\/?p=29638"},"modified":"2023-11-17T14:29:48","modified_gmt":"2023-11-17T17:29:48","slug":"massa-cierra-campana-dialogo-con-empresarios-y-encuentro-inspirador-con-jovenes","status":"publish","type":"post","link":"https:\/\/actualidadurbana.com\/index.php\/2023\/11\/16\/massa-cierra-campana-dialogo-con-empresarios-y-encuentro-inspirador-con-jovenes\/","title":{"rendered":"MASSA CIERRA CAMPA\u00d1A: DI\u00c1LOGO CON EMPRESARIOS Y ENCUENTRO INSPIRADOR CON J\u00d3VENES"},"content":{"rendered":"\n<p>En el marco del Foro Econ\u00f3mico Global, el candidato presidencial expondr\u00e1 los pilares de su visi\u00f3n econ\u00f3mica, delineando su propuesta para un eventual mandato. Acto seguido, sostendr\u00e1 un encuentro enriquecedor con j\u00f3venes emprendedores en el Centro de Innovaci\u00f3n Juvenil, fomentando un di\u00e1logo directo que ampliar\u00e1 su comprensi\u00f3n de las necesidades y aspiraciones de las pr\u00f3ximas generaciones.<\/p>\n\n\n\n<p>El ministro de Econom\u00eda y candidato presidencial de Uni\u00f3n por la Patria (UxP),&nbsp;<strong>Sergio Massa, mantendr\u00e1 este jueves un encuentro con empresarios del Consejo Interamericano de Comercio y Producci\u00f3n (CICyP)<\/strong>&nbsp;y tiene previsto reunirse con&nbsp;<strong>estudiantes de la Escuela Superior &#8216;Carlos Pellegrini&#8217;<\/strong>, en el \u00faltimo d\u00eda antes del inicio de la veda para el balotaje del domingo pr\u00f3ximo.<\/p>\n\n\n\n<p>Massa disertar\u00e1 ante los empresarios desde las 12.30 en Alvear Palace Hotel, en el barrio porte\u00f1o de Recoleta, en un foro que este mi\u00e9rcoles&nbsp;<strong>cont\u00f3 con la participaci\u00f3n del postulante de La Libertad Avanza (LLA) Javier Milei<\/strong>, su adversario para la segunda vuelta.<\/p>\n\n\n\n<p>En ese encuentro, convocado bajo la consigna &#8220;Definici\u00f3n Argentina&#8221;,&nbsp;<strong>el ministro expondr\u00e1 los ejes de su plan econ\u00f3mico en caso de acceder al poder<\/strong>.<\/p>\n\n\n\n<p>Para la tarde del mismo d\u00eda, en tanto,&nbsp;<strong>Massa tiene previsto reunirse con estudiantes de la Escuela Superior de Comercio &#8220;Carlos Pellegrini&#8221;, en la continuidad del encuentro que hab\u00eda mantenido, antes de las elecciones del 22 de octubre, con alumnos del Colegio Nacional de Buenos Aires<\/strong>.<\/p>\n\n\n\n<p>Tampoco se descartaba en el comando de campa\u00f1a de UxP que el candidato hiciera un cierre de campa\u00f1a con un acto cerrado, sin militancia ni dirigentes,&nbsp;<strong>en alguna f\u00e1brica del conurbano bonaerense, del mismo modo que lo hiciera para las elecciones generales<\/strong>.<\/p>\n\n\n\n<p>Sin embargo, fuentes del equipo de UxP indicaron a T\u00e9lam que los detalles de la \u00faltima jornada de actividades proselitistas a\u00fan estaba defini\u00e9ndose.<\/p>\n\n\n\n<figure class=\"wp-block-image\"><a href=\"javascript:void(0);\"><img decoding=\"async\" src=\"https:\/\/www.telam.com.ar\/thumbs\/bluesteel\/advf\/imagenes\/2023\/10\/652ebf6245178_1200.jpg\" alt=\"Massa en Colegio Nacional Buenos Aires con estudiantes previo a las elecciones generales Foto Facundo Lpez Estvez\"\/><\/a><\/figure>\n\n\n\n<h2 class=\"wp-block-heading\">El cierre de campa\u00f1a<\/h2>\n\n\n\n<p>Massa&nbsp;<strong>cerrar\u00e1 una campa\u00f1a que en las \u00faltimas semanas lo llev\u00f3 a las provincias de C\u00f3rdoba, Santa Fe, Misiones, Mendoza y R\u00edo Negro, adem\u00e1s de Buenos Aires<\/strong>, donde sum\u00f3 adhesiones de extrapartidarios para el balotaje y consigui\u00f3 pronunciamientos favorables a su propuesta de plasmar un gobierno de &#8220;unidad nacional&#8221;.<\/p>\n\n\n\n<p>El ministro y candidato tuvo este mi\u00e9rcoles dos actividades:\u00a0<strong>por la ma\u00f1ana particip\u00f3 del acto de inicio de la campa\u00f1a ant\u00e1rtica para el per\u00edodo 2023\/2024<\/strong>, mientras por la tarde se reuni\u00f3 con j\u00f3venes de la ciudad de Buenos Aires\u00a0<strong>para explicar los alcances de sus propuestas en materia de alquileres<\/strong>.<\/p>\n\n\n\n<p>Al encabezar el acto de lanzamiento de la campa\u00f1a ant\u00e1rtica en el Embarcadero Naval del Puerto de Buenos Aires, Massa afirm\u00f3 que &#8220;la discusi\u00f3n respecto al rol de las Fuerzas Armadas es parte del pasado&#8221; y sostuvo que estas fuerzas &#8220;tendr\u00e1n un rol central&#8221; en los pr\u00f3ximos a\u00f1os &#8220;en la defensa de la soberan\u00eda&#8221;.<\/p>\n\n\n\n<p>Acompa\u00f1ado por lo ministros Jorge Taiana, de Defensa, y Daniel Filmus, de Ciencia y Tecnolog\u00eda, el ministro de Econom\u00eda manifest\u00f3 que el Gobierno tiene la &#8220;convicci\u00f3n de tener fuerzas armadas que respetan, valoran y defienden el orden democr\u00e1tico&#8221;.<\/p>\n\n\n\n<p>Y dijo &#8220;no tener ninguna duda&#8221; que las Fuerzas Armadas &#8220;tienen un rol central porque aparecen nuevas hip\u00f3tesis de conflictos en la discusi\u00f3n de la riqueza de cada uno de los pa\u00edses y de su explotaci\u00f3n como forma de defensa de la soberan\u00eda&#8221;.<\/p>\n\n\n\n<p>Al respecto, asegur\u00f3 que &#8220;la soberan\u00eda de Argentina en el Atl\u00e1ntico Sur, en sus islas, y en el continente ant\u00e1rtico, entendiendo la l\u00f3gica bicontinental del pa\u00eds, plantea un gran desaf\u00edo para los pr\u00f3ximos a\u00f1os&#8221;.<\/p>\n\n\n\n<p>Y afirm\u00f3 que las FFAA tendr\u00e1n &#8220;una responsabilidad enorme en el trabajo de defensa de nuestras riquezas ict\u00edcola y mineral en nuestra plataforma, en el Atl\u00e1ntico sur y continente ant\u00e1rtico&#8221;.<\/p>\n\n\n\n<p>Tambi\u00e9n se\u00f1al\u00f3 ante los representantes de las Fuerzas Armadas que &#8220;todav\u00eda tenemos una enorme tarea por recorrer porque hemos dado unos pasos en la recuperaci\u00f3n salarial, pero todav\u00eda falta&#8221;.<\/p>\n\n\n\n<h2 class=\"wp-block-heading\">Massa plante\u00f3 que las FFAA &#8220;tendr\u00e1n un rol central&#8221; y que &#8220;la discusi\u00f3n sobre su rol es del pasado&#8221;<\/h2>\n\n\n\n<p>En el inicio de ese acto, Massa pidi\u00f3 un minuto de silencio en memoria de los 44 tripulantes fallecidos en el hundimiento del buque ARA San Juan, a seis a\u00f1os de aquel hecho.<\/p>\n\n\n\n<p>Tambi\u00e9n se dio a conocer que se firm\u00f3 un decreto que hace &#8220;leg\u00edtimos hereditarios&#8221; a hijos y convivientes de excombatientes de la Guerra de Malvinas.<\/p>\n\n\n\n<p>Posteriormente, Massa mantuvo un encuentro con j\u00f3venes en el barrio porte\u00f1o de Barracas para presentarles un proyecto vinculado a alquileres que se implementar\u00e1 a partir de diciembre, y que consiste en otorgarles a los inquilinos una garant\u00eda propietaria y un seguro de cauci\u00f3n gratuito, destinados a aquellos que no puedan acceder a esos requisitos.<\/p>\n\n\n\n<p>La iniciativa estar\u00e1 dirigida a j\u00f3venes menores de 30 a\u00f1os, matrimonios j\u00f3venes, estudiantes y madres con hijos y se tramitar\u00e1 a trav\u00e9s del Banco Naci\u00f3n.<\/p>\n\n\n\n<h2 class=\"wp-block-heading\">Massa anticip\u00f3 un proyecto para otorgar garant\u00edas a personas con dificultades para alquila<\/h2>\n","protected":false},"excerpt":{"rendered":"<p>En el marco del Foro Econ\u00f3mico Global, el candidato presidencial expondr\u00e1 los pilares de su visi\u00f3n econ\u00f3mica, delineando su propuesta para un eventual mandato. Acto seguido, sostendr\u00e1 un encuentro enriquecedor con j\u00f3venes emprendedores en el Centro de Innovaci\u00f3n Juvenil, fomentando un di\u00e1logo directo que ampliar\u00e1 su comprensi\u00f3n de las necesidades y aspiraciones de las pr\u00f3ximas [&hellip;]<\/p>\n","protected":false},"author":3,"featured_media":29640,"comment_status":"closed","ping_status":"closed","sticky":false,"template":"","format":"standard","meta":{"footnotes":""},"categories":[484],"tags":[620,648,181,622],"class_list":["post-29638","post","type-post","status-publish","format-standard","has-post-thumbnail","hentry","category-politica-nacional","tag-balotaje","tag-campana-electoral","tag-sergio-massa","tag-union-por-la-patria-2"],"amp_enabled":true,"_links":{"self":[{"href":"https:\/\/actualidadurbana.com\/index.php\/wp-json\/wp\/v2\/posts\/29638","targetHints":{"allow":["GET"]}}],"collection":[{"href":"https:\/\/actualidadurbana.com\/index.php\/wp-json\/wp\/v2\/posts"}],"about":[{"href":"https:\/\/actualidadurbana.com\/index.php\/wp-json\/wp\/v2\/types\/post"}],"author":[{"embeddable":true,"href":"https:\/\/actualidadurbana.com\/index.php\/wp-json\/wp\/v2\/users\/3"}],"replies":[{"embeddable":true,"href":"https:\/\/actualidadurbana.com\/index.php\/wp-json\/wp\/v2\/comments?post=29638"}],"version-history":[{"count":1,"href":"https:\/\/actualidadurbana.com\/index.php\/wp-json\/wp\/v2\/posts\/29638\/revisions"}],"predecessor-version":[{"id":29641,"href":"https:\/\/actualidadurbana.com\/index.php\/wp-json\/wp\/v2\/posts\/29638\/revisions\/29641"}],"wp:featuredmedia":[{"embeddable":true,"href":"https:\/\/actualidadurbana.com\/index.php\/wp-json\/wp\/v2\/media\/29640"}],"wp:attachment":[{"href":"https:\/\/actualidadurbana.com\/index.php\/wp-json\/wp\/v2\/media?parent=29638"}],"wp:term":[{"taxonomy":"category","embeddable":true,"href":"https:\/\/actualidadurbana.com\/index.php\/wp-json\/wp\/v2\/categories?post=29638"},{"taxonomy":"post_tag","embeddable":true,"href":"https:\/\/actualidadurbana.com\/index.php\/wp-json\/wp\/v2\/tags?post=29638"}],"curies":[{"name":"wp","href":"https:\/\/api.w.org\/{rel}","templated":true}]}}