{"id":29941,"date":"2024-02-28T12:24:22","date_gmt":"2024-02-28T15:24:22","guid":{"rendered":"https:\/\/actualidadurbana.com\/?p=29941"},"modified":"2024-02-28T12:24:23","modified_gmt":"2024-02-28T15:24:23","slug":"quilmes-presentaron-nuevas-medidas-de-seguridad","status":"publish","type":"post","link":"https:\/\/actualidadurbana.com\/index.php\/2024\/02\/28\/quilmes-presentaron-nuevas-medidas-de-seguridad\/","title":{"rendered":"QUILMES: PRESENTARON NUEVAS MEDIDAS DE SEGURIDAD"},"content":{"rendered":"\n<p>Mayra Mendoza, se reuni\u00f3 este martes, con el ministro de Seguridad de la provincia de Buenos Aires, Javier Alonso, con el objetivo presentar las nuevas medidas y avances en materia de seguridad ciudadana que se desarrollar\u00e1n en el distrito, entre ellas, un 0800 para denuncias an\u00f3nimas, la OVAC y el AVL, en un encuentro desarrollado en el Centro de Emergencias Quilmes (CEQ), ubicado en avenida Calchaqu\u00ed 3049, en el oeste de la comuna.<\/p>\n\n\n\n<p>Por:<strong>&nbsp;Redacci\u00f3n<\/strong><\/p>\n\n\n\n<figure class=\"wp-block-image\"><img decoding=\"async\" src=\"https:\/\/www.infoquilmes.com.ar\/fotos\/2024\/02\/a801h79ei3j6gb4dfc25.jpg\" alt=\"Presentaron nuevas medidas de seguridad para Quilmes\" title=\"Presentaron nuevas medidas de seguridad para Quilmes\" \/><\/figure>\n\n\n\n<p><a href=\"https:\/\/www.facebook.com\/sharer.php?u=https:\/\/www.infoquilmes.com.ar\/noticias\/51551-presentaron-nuevas-medidas-de-seguridad-para-quilmes\/\" target=\"_blank\" rel=\"noreferrer noopener\"><\/a>Compartir en Facebook<a href=\"https:\/\/twitter.com\/intent\/tweet?url=https:\/\/www.infoquilmes.com.ar\/noticias\/51551-presentaron-nuevas-medidas-de-seguridad-para-quilmes\/&amp;text=Presentaron%20nuevas%20medidas%20de%20seguridad%20para%20Quilmes\"><\/a>Compartir en TwitterCompartir en Whatsapp<a href=\"https:\/\/telegram.me\/share\/url?url=https:\/\/www.infoquilmes.com.ar\/noticias\/51551-presentaron-nuevas-medidas-de-seguridad-para-quilmes\/&amp;text=Presentaron%20nuevas%20medidas%20de%20seguridad%20para%20Quilmes\" target=\"_blank\" rel=\"noreferrer noopener\"><\/a>Compartir en Telegram<a href=\"https:\/\/api.whatsapp.com\/send?text=https:\/\/www.infoquilmes.com.ar\/noticias\/51551-presentaron-nuevas-medidas-de-seguridad-para-quilmes\/\/\"><\/a><a href=\"https:\/\/www.linkedin.com\/shareArticle?mini=true&amp;url=https:\/\/www.infoquilmes.com.ar\/noticias\/51551-presentaron-nuevas-medidas-de-seguridad-para-quilmes\/\" target=\"_blank\" rel=\"noreferrer noopener\"><\/a>Compartir en Linkedin<\/p>\n\n\n\n<p>\u201cVamos a implementar el convenio multiagencia para la coordinaci\u00f3n de emergencias, que nos asegura una respuesta r\u00e1pida y eficiente, presentamos la nueva Oficina de Video An\u00e1lisis Criminal, para detectar patrones delictivos, y la incorporaci\u00f3n de nuevos efectivos policiales que pudimos sumar gracias a las convocatorias \u2018Sumate a La Fuerza\u2019. Estas pol\u00edticas se agregan a la l\u00ednea gratuita y an\u00f3nima de denuncias que ya est\u00e1 a disposici\u00f3n para toda la comunidad\u201d, sostuvo Mayra, que estuvo acompa\u00f1ada por el jefe de Gabinete local, Alejandro Gandulfo.<\/p>\n\n\n\n<p>La Jefa comunal recorri\u00f3 las instalaciones con el ministro Alonso, quien destac\u00f3 el compromiso de la Intendenta y del Municipio en la materia. En este contexto, Mayra subray\u00f3: \u201cLa seguridad de nuestros vecinos es nuestra propiedad y sabemos que en este dif\u00edcil contexto queda mucho por hacer, pero con el apoyo del Gobierno Provincial, vamos a seguir trabajando para que los quilme\u00f1os vivamos mejor\u201d.<\/p>\n\n\n\n<p>Durante la reuni\u00f3n, se destacaron varias iniciativas importantes que buscan mejorar la eficacia de las fuerzas de seguridad en el distrito y fortalecer la colaboraci\u00f3n entre distintos organismos.<\/p>\n","protected":false},"excerpt":{"rendered":"<p>Mayra Mendoza, se reuni\u00f3 este martes, con el ministro de Seguridad de la provincia de Buenos Aires, Javier Alonso, con el objetivo presentar las nuevas medidas y avances en materia de seguridad ciudadana que se desarrollar\u00e1n en el distrito, entre ellas, un 0800 para denuncias an\u00f3nimas, la OVAC y el AVL, en un encuentro desarrollado [&hellip;]<\/p>\n","protected":false},"author":6,"featured_media":29942,"comment_status":"closed","ping_status":"closed","sticky":false,"template":"","format":"standard","meta":{"footnotes":""},"categories":[486],"tags":[767,223],"class_list":["post-29941","post","type-post","status-publish","format-standard","has-post-thumbnail","hentry","category-sociedad-nacionales","tag-medidas-de-seguridad","tag-quilmes"],"amp_enabled":true,"_links":{"self":[{"href":"https:\/\/actualidadurbana.com\/index.php\/wp-json\/wp\/v2\/posts\/29941","targetHints":{"allow":["GET"]}}],"collection":[{"href":"https:\/\/actualidadurbana.com\/index.php\/wp-json\/wp\/v2\/posts"}],"about":[{"href":"https:\/\/actualidadurbana.com\/index.php\/wp-json\/wp\/v2\/types\/post"}],"author":[{"embeddable":true,"href":"https:\/\/actualidadurbana.com\/index.php\/wp-json\/wp\/v2\/users\/6"}],"replies":[{"embeddable":true,"href":"https:\/\/actualidadurbana.com\/index.php\/wp-json\/wp\/v2\/comments?post=29941"}],"version-history":[{"count":1,"href":"https:\/\/actualidadurbana.com\/index.php\/wp-json\/wp\/v2\/posts\/29941\/revisions"}],"predecessor-version":[{"id":29943,"href":"https:\/\/actualidadurbana.com\/index.php\/wp-json\/wp\/v2\/posts\/29941\/revisions\/29943"}],"wp:featuredmedia":[{"embeddable":true,"href":"https:\/\/actualidadurbana.com\/index.php\/wp-json\/wp\/v2\/media\/29942"}],"wp:attachment":[{"href":"https:\/\/actualidadurbana.com\/index.php\/wp-json\/wp\/v2\/media?parent=29941"}],"wp:term":[{"taxonomy":"category","embeddable":true,"href":"https:\/\/actualidadurbana.com\/index.php\/wp-json\/wp\/v2\/categories?post=29941"},{"taxonomy":"post_tag","embeddable":true,"href":"https:\/\/actualidadurbana.com\/index.php\/wp-json\/wp\/v2\/tags?post=29941"}],"curies":[{"name":"wp","href":"https:\/\/api.w.org\/{rel}","templated":true}]}}