{"id":29969,"date":"2024-03-08T11:01:49","date_gmt":"2024-03-08T14:01:49","guid":{"rendered":"https:\/\/actualidadurbana.com\/?p=29969"},"modified":"2024-03-08T11:01:50","modified_gmt":"2024-03-08T14:01:50","slug":"tortura-narco-sometido-a-3-dias-de-cautiverio-le-amputaron-un-dedo-y-le-tatuaron-en-sus-partes-intimas-no-robes-mas","status":"publish","type":"post","link":"https:\/\/actualidadurbana.com\/index.php\/2024\/03\/08\/tortura-narco-sometido-a-3-dias-de-cautiverio-le-amputaron-un-dedo-y-le-tatuaron-en-sus-partes-intimas-no-robes-mas\/","title":{"rendered":"TORTURA NARCO: SOMETIDO A 3 D\u00cdAS DE CAUTIVERIO, LE AMPUTARON UN DEDO Y LE TATUARON EN SUS PARTES \u00cdNTIMAS &#8220;NO ROBES M\u00c1S&#8221;"},"content":{"rendered":"\n<p>La v\u00edctima, de 25 a\u00f1os, fue dejada por sus captores en un hospital de Jos\u00e9 C. Paz. Seg\u00fan informaci\u00f3n proporcionada por fuentes policiales, el joven hab\u00eda sido identificado previamente como un distribuidor de drogas para la banda en cuesti\u00f3n. Se presume que la raz\u00f3n detr\u00e1s del secuestro fue una presunta apropiaci\u00f3n indebida de aproximadamente 50 gramos de coca\u00edna.<\/p>\n\n\n\n<p>No le sorprendi\u00f3 la convocatoria. A., de 25 a\u00f1os, conoc\u00eda a la persona que le hab\u00eda mandado el mensaje y sinti\u00f3 que era la oportunidad de arreglar la situaci\u00f3n inc\u00f3moda. Pero apenas lleg\u00f3 a la cita, en San Miguel, supo que hab\u00eda ca\u00eddo en una trampa. Lo que&nbsp;<strong>no imagin\u00f3 fue el calvario que iba a vivir durante las 72 horas en las que fue cautivo de la banda de La Gringa<\/strong>, una organizaci\u00f3n dedicada al narcomenudeo que opera en la zona oeste del conurbano.&nbsp;<strong>Al joven lo acusaban de haber robado 50 gramos de coca\u00edna cuando era&nbsp;<\/strong><em><strong>dealer&nbsp;<\/strong><\/em><strong>de los narcos<\/strong>. Y le reclamaban la deuda.&nbsp;<strong>Lo maniataron, lo golpearon y lo torturaron<\/strong>. Con una amoladora<mark>&nbsp;le amputaron el me\u00f1ique de la mano derecha.&nbsp;<\/mark>Lo desnudaron y le hicieron un tatuaje \u201cdeshonroso\u201d con la leyenda \u201cno robes m\u00e1s\u201d. Finalmente,&nbsp;<strong>malherido, lo abandonaron en un hospital de Jose C. Paz<\/strong>.<\/p>\n\n\n\n<p>As\u00ed lo informaron a&nbsp;<strong>LA NACION&nbsp;<\/strong>calificadas fuentes judiciales. En las \u00faltimas horas, tras una investigaci\u00f3n de casi un mes, detectives de la&nbsp;<strong>Polic\u00eda Federal Argentina<\/strong>&nbsp;(PFA) detuvieron a cinco sospechosos y ahora buscan a la supuesta jefa de la banda, conocida como&nbsp;<strong>La Gringa<\/strong>.<\/p>\n\n\n\n<p>La investigaci\u00f3n, a cargo del fiscal Federico So\u00f1ora, de la Unidad Funcional de Instrucci\u00f3n (UFI) N\u00b04 de Moreno-General Rodr\u00edguez, comenz\u00f3 tras la denuncia de las autoridades del Hospital de Traumatolog\u00eda Domingo Angio. La v\u00edctima fue abonada cerca de ese centro de salud de Jos\u00e9 C. Paz el 15 de febrero pasado.<\/p>\n\n\n\n<p>La pesadilla para A. \u2013que ahora es testigo protegido y fue incorporado a un programa de protecci\u00f3n que depende de la Polic\u00eda Judicial de la Secretar\u00eda de Pol\u00edtica Criminal de la Procuraci\u00f3n General bonaerense\u2013 comenz\u00f3 a las 3.30 del 12 de febrero, cuando fue a aquella cita, en San Miguel.<\/p>\n\n\n\n<figure class=\"wp-block-image\"><img decoding=\"async\" src=\"https:\/\/resizer.glanacion.com\/resizer\/v2\/la-droga-HL7O5Z4QNZEUNOFUSERE33U7BI.JPG?auth=a95f35ae8dabd29f00ce7b0f8ebce1bb402f5270810b6176cc479bcc8526b1e3&amp;width=420&amp;height=280&amp;quality=70&amp;smart=true\" alt=\"La droga secuestrada\" \/><figcaption class=\"wp-element-caption\">La droga secuestrada<\/figcaption><\/figure>\n\n\n\n<p>\u201cSupuestamente, A. fue citado en una casa de San Miguel para arreglar la situaci\u00f3n que ten\u00eda con la banda narco. A \u00e9l&nbsp;<strong>lo acusaban de haberse quedado con 50 gramos de coca\u00edna cuando trabajaba para la organizaci\u00f3n criminal. \u00c9l no lo admiti\u00f3 en su declaraci\u00f3n, pero habr\u00eda sido&nbsp;<\/strong><em><strong>dealer<\/strong><\/em>\u201d, explicaron fuentes judiciales.<\/p>\n\n\n\n<p>La organizaci\u00f3n, seg\u00fan las fuentes, operaba en Moreno y en otros lugares de la zona oeste del conurbano. Sus b\u00fankeres eran vigilados por \u201csoldaditos\u201d que eran contratados por la banda de La Gringa.<\/p>\n\n\n\n<p>\u201cUna vez que lleg\u00f3 a San Miguel, a la casa de una joven que le hab\u00eda mandado un mensaje y que \u00e9l conoc\u00eda, A. fue golpeado en la cabeza con un arma de fuego. Tambi\u00e9n le pegaron patadas en las costillas y lo amenazaron. Lo retuvieron bajo golpes y tormentos. M\u00e1s tarde, ese mismo d\u00eda,&nbsp;<mark>lo maniataron, le vendaron los ojos, lo encapucharon y lo trasladaron en auto hasta un predio conocido como La Tranquera, en Moreno<\/mark>\u201d, reconstruy\u00f3 a&nbsp;<strong>LA NACION<\/strong>&nbsp;un detective judicial.<\/p>\n\n\n\n<figure class=\"wp-block-image\"><img decoding=\"async\" src=\"https:\/\/resizer.glanacion.com\/resizer\/v2\/los-estupefacientes-listos-para-comercializar-de-MXIDR47G25A2RG3WRFUMC5VN7I.JPG?auth=adca360be6d2794bb92759d286557b860f4565c5ccf5e4b82a502be7903d8266&amp;width=420&amp;height=280&amp;quality=70&amp;smart=true\" alt=\"Los estupefacientes listos para comercializar de la banda de La Gringa\" \/><figcaption class=\"wp-element-caption\">Los estupefacientes listos para comercializar de la banda de La Gringa<\/figcaption><\/figure>\n\n\n\n<p>En La Tranquera, la v\u00edctima fue atada de pies y de manos. La pusieron en una silla y lo golpearon. Continuamente amenazaban con matarlo.&nbsp;<strong>Cuando llevaba dos d\u00edas cautivo le quitaron la ropa y le hicieron un tatuaje \u201cdeshonroso\u201d. En una parte \u00edntima de su cuerpo le escribieron tres palabras: \u201cno robes m\u00e1s\u201d<\/strong>.<\/p>\n\n\n\n<p>La faena criminal no concluy\u00f3 con el tatuaje: a A. le amputaron el me\u00f1ique de la mano derecha; se lo cortaron con una amoladora.<\/p>\n\n\n\n<p>A las 5.30 del 15 de febrero, cuando A. llevaba cautivo 74 horas, los delincuentes lo subieron a un auto y lo tiraron cerca del Hospital de Traumatolog\u00eda situado en Padre Ustarroz al 5200, en Jos\u00e9 C. Paz.<\/p>\n\n\n\n<p>\u201cCreemos que los delincuentes decidieron dejar a la v\u00edctima en cercan\u00edas de un hospital porque se descompuso y no quisieron que se muriera en el lugar donde estaba cautivo\u201d, explic\u00f3 una fuente que participa de la investigaci\u00f3n.<\/p>\n\n\n\n<p>Un d\u00eda despu\u00e9s, el hermano de A. recibi\u00f3 una llamada telef\u00f3nica; uno de los integrantes de la banda le habl\u00f3 de la deuda de la v\u00edctima con la organizaci\u00f3n criminal. \u201cFue una manera de reforzar la intimidaci\u00f3n\u201d, especul\u00f3 un investigador.<\/p>\n\n\n\n<h2 class=\"wp-block-heading\">R\u00e1pida pesquisa<\/h2>\n\n\n\n<p>Una de las primeras medidas que tom\u00f3 el fiscal So\u00f1ora cuando se hizo cargo de la causa fue la de convocar a detectives de la&nbsp;<strong>Divisi\u00f3n Homicidios de la Federal<\/strong>&nbsp;para que colaboraran en la investigaci\u00f3n.<\/p>\n\n\n\n<p>\u201cTras casi un mes de investigaci\u00f3n se pudo identificar a los sospechosos de haber participado en el plan criminal y se logr\u00f3 ubicar los lugares donde la v\u00edctima habr\u00eda estado cautiva y los b\u00fankeres donde se vend\u00eda droga al menudeo\u201d, dijo un detective con acceso al expediente.<\/p>\n\n\n\n<p>Con la prueba reunida, el fiscal So\u00f1ora le pidi\u00f3 a la&nbsp;<strong>jueza de Garant\u00edas Mar\u00eda Celina Ardohain<\/strong>&nbsp;una serie de allanamientos. La magistrada hizo lugar a lo solicitado por el Ministerio P\u00fablico.<\/p>\n\n\n\n<p>\u201cDurante la investigaci\u00f3n hecha por los detectives de la Divisi\u00f3n Homicidios de la PFA se pudo acreditar que el predio La Tranquera, donde estuvo cautiva la v\u00edctima, estaba custodiado por \u2018soldaditos\u2019, que eran los encargados de vigilar los b\u00fankeres donde se vend\u00edan los estupefacientes\u201d, agregaron las fuentes judiciales consultadas.<\/p>\n\n\n\n<p>El personal policial a cargo de los operativos detuvo a cinco sospechosos, secuestr\u00f3 armas y estupefacientes preparados para su comercializaci\u00f3n.<\/p>\n\n\n\n<p>\u201cTambi\u00e9n se secuestr\u00f3 una amoladora, que habr\u00eda sido la herramienta utilizada para amputarle el dedo a la v\u00edctima, y una m\u00e1quina para hacer tatuajes\u201d, agregaron los voceros consultados.<\/p>\n\n\n\n<p>\u201cTodav\u00eda falta detener a La Gringa, la presunta jefa de la banda\u201d, explicaron fuentes judiciales, que resaltaron el trabajo hecho por el equipo coordinado por el&nbsp;<a href=\"https:\/\/www.lanacion.com.ar\/seguridad\/asi-mata-un-sicario-narco-el-escalofriante-ataque-a-tiros-que-dejo-dos-muertos-y-un-herido-en-un-nid05102023\/\">fiscal general de Moreno-General Rodr\u00edguez, Lucas Oyhanarte<\/a>&nbsp;y la colaboraci\u00f3n de la&nbsp;<strong>Secretar\u00eda de Justicia y Derechos Humanos de la Municipalidad de Moreno&nbsp;<\/strong>que aport\u00f3 las im\u00e1genes de las c\u00e1maras de seguridad.<\/p>\n","protected":false},"excerpt":{"rendered":"<p>La v\u00edctima, de 25 a\u00f1os, fue dejada por sus captores en un hospital de Jos\u00e9 C. Paz. Seg\u00fan informaci\u00f3n proporcionada por fuentes policiales, el joven hab\u00eda sido identificado previamente como un distribuidor de drogas para la banda en cuesti\u00f3n. Se presume que la raz\u00f3n detr\u00e1s del secuestro fue una presunta apropiaci\u00f3n indebida de aproximadamente 50 [&hellip;]<\/p>\n","protected":false},"author":6,"featured_media":29970,"comment_status":"closed","ping_status":"closed","sticky":false,"template":"","format":"standard","meta":{"footnotes":""},"categories":[488],"tags":[784,782,515,783],"class_list":["post-29969","post","type-post","status-publish","format-standard","has-post-thumbnail","hentry","category-policiales-nacionales","tag-hospital-jose-c-paz","tag-san-miguel","tag-tortura","tag-venganza-narco"],"amp_enabled":true,"_links":{"self":[{"href":"https:\/\/actualidadurbana.com\/index.php\/wp-json\/wp\/v2\/posts\/29969","targetHints":{"allow":["GET"]}}],"collection":[{"href":"https:\/\/actualidadurbana.com\/index.php\/wp-json\/wp\/v2\/posts"}],"about":[{"href":"https:\/\/actualidadurbana.com\/index.php\/wp-json\/wp\/v2\/types\/post"}],"author":[{"embeddable":true,"href":"https:\/\/actualidadurbana.com\/index.php\/wp-json\/wp\/v2\/users\/6"}],"replies":[{"embeddable":true,"href":"https:\/\/actualidadurbana.com\/index.php\/wp-json\/wp\/v2\/comments?post=29969"}],"version-history":[{"count":1,"href":"https:\/\/actualidadurbana.com\/index.php\/wp-json\/wp\/v2\/posts\/29969\/revisions"}],"predecessor-version":[{"id":29971,"href":"https:\/\/actualidadurbana.com\/index.php\/wp-json\/wp\/v2\/posts\/29969\/revisions\/29971"}],"wp:featuredmedia":[{"embeddable":true,"href":"https:\/\/actualidadurbana.com\/index.php\/wp-json\/wp\/v2\/media\/29970"}],"wp:attachment":[{"href":"https:\/\/actualidadurbana.com\/index.php\/wp-json\/wp\/v2\/media?parent=29969"}],"wp:term":[{"taxonomy":"category","embeddable":true,"href":"https:\/\/actualidadurbana.com\/index.php\/wp-json\/wp\/v2\/categories?post=29969"},{"taxonomy":"post_tag","embeddable":true,"href":"https:\/\/actualidadurbana.com\/index.php\/wp-json\/wp\/v2\/tags?post=29969"}],"curies":[{"name":"wp","href":"https:\/\/api.w.org\/{rel}","templated":true}]}}