{"id":30275,"date":"2024-07-04T11:10:38","date_gmt":"2024-07-04T14:10:38","guid":{"rendered":"https:\/\/actualidadurbana.com\/?p=30275"},"modified":"2024-07-04T11:10:39","modified_gmt":"2024-07-04T14:10:39","slug":"un-hombre-muere-en-choque-de-camionetas-por-paro-cardiaco-en-villa-crespo","status":"publish","type":"post","link":"https:\/\/actualidadurbana.com\/index.php\/2024\/07\/04\/un-hombre-muere-en-choque-de-camionetas-por-paro-cardiaco-en-villa-crespo\/","title":{"rendered":"UN HOMBRE MUERE EN CHOQUE DE CAMIONETAS POR PARO CARD\u00cdACO EN VILLA CRESPO"},"content":{"rendered":"\n<p>Seg\u00fan informes de fuentes policiales citadas por Infobae, el martes por la noche ocurri\u00f3 un tr\u00e1gico accidente en Villa Crespo donde un hombre de 63 a\u00f1os perdi\u00f3 la vida. El incidente involucr\u00f3 su camioneta Fiat Toro, que impact\u00f3 contra dos Ford EcoSport y termin\u00f3 finalmente sobre la vereda, generando conmoci\u00f3n en la comunidad local.<\/p>\n\n\n\n<p>Efectivos de la Comisar\u00eda Vecinal 15B de la Polic\u00eda de la Ciudad se desplazaron anoche al cruce de la avenida Juan B. Justo y Mart\u00ednez Rosas y, tras solicitar la presencia del Sistema de Atenci\u00f3n M\u00e9dica de Emergencias, se constat\u00f3 el fallecimiento del conductor de la Fiat Toro. Seg\u00fan estiman fuentes del caso,&nbsp;<strong>sufri\u00f3 un paro card\u00edaco.<\/strong><\/p>\n\n\n\n<p>De acuerdo al relato de los dos conductores restantes,&nbsp;<strong>la v\u00edctima impact\u00f3 primero desde atr\u00e1s a una de las camioneta<\/strong>s, cuando esta se encontraba detenida en el sem\u00e1foro de Juan B. Justo y Mu\u00f1ecas, y luego cruz\u00f3 de carril, chocando al otro veh\u00edculo.<\/p>\n\n\n\n<p>Tal como se puede observar en las im\u00e1genes de c\u00e1maras de seguridad,&nbsp;<strong>la pickup Fiat Toro luego choc\u00f3 contra un comercio de la zona y termin\u00f3 con el frente destrozado.<\/strong><\/p>\n\n\n\n<p>Tras los trabajos policiales de rigor, ya se encuentra habilitada la circulaci\u00f3n en la avenida, en Mart\u00ednez Rosas y el Metrobus. Interviene en el caso&nbsp;<strong>el Juzgado Nacional en lo Criminal y Correccional N\u00b0 12<\/strong>, que inici\u00f3 un expediente por averiguaci\u00f3n de causales de muerte para determinar el motivo del fallecimiento del conductor de la Toro.<\/p>\n","protected":false},"excerpt":{"rendered":"<p>Seg\u00fan informes de fuentes policiales citadas por Infobae, el martes por la noche ocurri\u00f3 un tr\u00e1gico accidente en Villa Crespo donde un hombre de 63 a\u00f1os perdi\u00f3 la vida. El incidente involucr\u00f3 su camioneta Fiat Toro, que impact\u00f3 contra dos Ford EcoSport y termin\u00f3 finalmente sobre la vereda, generando conmoci\u00f3n en la comunidad local. Efectivos [&hellip;]<\/p>\n","protected":false},"author":6,"featured_media":30276,"comment_status":"closed","ping_status":"closed","sticky":false,"template":"","format":"standard","meta":{"footnotes":""},"categories":[486],"tags":[966,15,960,967,849],"class_list":["post-30275","post","type-post","status-publish","format-standard","has-post-thumbnail","hentry","category-sociedad-nacionales","tag-accidente","tag-argentina","tag-choque","tag-socedad","tag-villa-crespo"],"amp_enabled":true,"_links":{"self":[{"href":"https:\/\/actualidadurbana.com\/index.php\/wp-json\/wp\/v2\/posts\/30275","targetHints":{"allow":["GET"]}}],"collection":[{"href":"https:\/\/actualidadurbana.com\/index.php\/wp-json\/wp\/v2\/posts"}],"about":[{"href":"https:\/\/actualidadurbana.com\/index.php\/wp-json\/wp\/v2\/types\/post"}],"author":[{"embeddable":true,"href":"https:\/\/actualidadurbana.com\/index.php\/wp-json\/wp\/v2\/users\/6"}],"replies":[{"embeddable":true,"href":"https:\/\/actualidadurbana.com\/index.php\/wp-json\/wp\/v2\/comments?post=30275"}],"version-history":[{"count":1,"href":"https:\/\/actualidadurbana.com\/index.php\/wp-json\/wp\/v2\/posts\/30275\/revisions"}],"predecessor-version":[{"id":30277,"href":"https:\/\/actualidadurbana.com\/index.php\/wp-json\/wp\/v2\/posts\/30275\/revisions\/30277"}],"wp:featuredmedia":[{"embeddable":true,"href":"https:\/\/actualidadurbana.com\/index.php\/wp-json\/wp\/v2\/media\/30276"}],"wp:attachment":[{"href":"https:\/\/actualidadurbana.com\/index.php\/wp-json\/wp\/v2\/media?parent=30275"}],"wp:term":[{"taxonomy":"category","embeddable":true,"href":"https:\/\/actualidadurbana.com\/index.php\/wp-json\/wp\/v2\/categories?post=30275"},{"taxonomy":"post_tag","embeddable":true,"href":"https:\/\/actualidadurbana.com\/index.php\/wp-json\/wp\/v2\/tags?post=30275"}],"curies":[{"name":"wp","href":"https:\/\/api.w.org\/{rel}","templated":true}]}}