{"id":30536,"date":"2024-10-10T09:29:05","date_gmt":"2024-10-10T12:29:05","guid":{"rendered":"https:\/\/actualidadurbana.com\/?p=30536"},"modified":"2024-10-10T09:29:06","modified_gmt":"2024-10-10T12:29:06","slug":"rosario-detienen-camionero-que-atropello-a-un-nino-y-lo-mato","status":"publish","type":"post","link":"https:\/\/actualidadurbana.com\/index.php\/2024\/10\/10\/rosario-detienen-camionero-que-atropello-a-un-nino-y-lo-mato\/","title":{"rendered":"ROSARIO: DETIENEN CAMIONERO QUE ATROPELL\u00d3 A UN NI\u00d1O Y LO MAT\u00d3"},"content":{"rendered":"\n<p>Las grabaciones de seguridad permiti\u00f3 a la Polic\u00eda de Investigaciones reconocer al conductor de un cami\u00f3n implicado en un accidente mortal en la intersecci\u00f3n de Batlle y Ord\u00f3\u00f1ez y Ovidio Lagos, que result\u00f3 en la muerte de un ni\u00f1o de 9 a\u00f1os el pasado 1 de octubre. El acusado, identificado como R. M., fue arrestado en su lugar de trabajo, una f\u00e1brica ubicada en el norte de la ciudad, tras la emisi\u00f3n de una orden de captura por la fiscal Mariana Prunotto.<\/p>\n\n\n\n<p>La comunidad seg\u00fan informes, realiz\u00f3 marchas y exigi\u00f3 justicia por la muerte del menor, lo que llev\u00f3 a las autoridades a intensificar la investigaci\u00f3n. Seg\u00fan informaci\u00f3n obtenida por Rosario3, el cami\u00f3n involucrado en el accidente ten\u00eda el nombre de una empresa inscrito, lo que facilit\u00f3 su rastreo.<\/p>\n\n\n\n<p>La colaboraci\u00f3n de los responsables de la empresa fue crucial, ya que proporcionaron todos los datos necesarios del veh\u00edculo a la Fiscal\u00eda, lo que permiti\u00f3 avanzar en la identificaci\u00f3n del conductor. \u201cLos responsables del lugar se pusieron a disposici\u00f3n de la Fiscal\u00eda y aportaron todos los datos del veh\u00edculo en cuesti\u00f3n, lo que permiti\u00f3 identificar al conductor\u201d, se\u00f1al\u00f3 el Ministerio P\u00fablico de la Acusaci\u00f3n (MPA) en un comunicado.<\/p>\n\n\n\n<p>Cabe recordar que aquel&nbsp;1 de octubre, el conductor del cami\u00f3n habr\u00eda embestido a la mujer y al chico, que se trasladaban a bordo de una motocicleta&nbsp;<em><strong>Mondial&nbsp;<\/strong><\/em>de color negro.<\/p>\n\n\n\n<p>A ra\u00edz del impacto, las v\u00edctimas debieron ser derivadas de forma urgente hacia el hospital de urgencias&nbsp;<strong>Hospital de Emergencia Clemente \u00c1lvarez<\/strong>, ubicado sobre la<strong>&nbsp;avenida Pellegrini<\/strong>&nbsp;y a poco m\u00e1s de 10 kil\u00f3metros del lugar donde ocurri\u00f3 el accidente. Fue al llegar al centro de salud que el ni\u00f1o habr\u00eda perdido la vida. \u201cSufri\u00f3 politraumatismos\u201d, explicaron desde el HECA las causas del deceso.<\/p>\n\n\n\n<p>La secuencia fue alertada a la&nbsp;<strong>Polic\u00eda de Santa Fe<\/strong>&nbsp;justo cuando se estaba efectuando el traslado de los dos heridos: el menor, quien se encontraba en grave estado, y su madre. Luego, cuando los agentes arribaron a la escena del hecho, observaron la moto que hab\u00eda sido chocada. Tambi\u00e9n quedaron dos cascos y una mochila sobre la calle.<\/p>\n\n\n\n<p>Adem\u00e1s, se entrevistaron con un inspector presente en el lugar, que fue quien auxili\u00f3 al nene de 9 a\u00f1os, y con un testigo que habr\u00eda observado todo el episodio, tal como indicaron las fuentes policiales.<\/p>\n\n\n\n<p>Por otra parte, seg\u00fan los medios locales, el chofer del cami\u00f3n se habr\u00eda dado a la fuga despu\u00e9s de impactar contra la moto. Es por esto que los polic\u00edas de la provincia se encuentran realizando diversas tareas para poder hallar al conductor que estuvo involucrado en el accidente fatal.<\/p>\n\n\n\n<p>De esta forma, para esclarecer el caso, relevar\u00e1n las c\u00e1maras de seguridad instaladas en la zona y recolectar\u00e1n testimonios de personas que hayan presenciado el hecho.<\/p>\n","protected":false},"excerpt":{"rendered":"<p>Las grabaciones de seguridad permiti\u00f3 a la Polic\u00eda de Investigaciones reconocer al conductor de un cami\u00f3n implicado en un accidente mortal en la intersecci\u00f3n de Batlle y Ord\u00f3\u00f1ez y Ovidio Lagos, que result\u00f3 en la muerte de un ni\u00f1o de 9 a\u00f1os el pasado 1 de octubre. El acusado, identificado como R. M., fue arrestado [&hellip;]<\/p>\n","protected":false},"author":6,"featured_media":30537,"comment_status":"closed","ping_status":"closed","sticky":false,"template":"","format":"standard","meta":{"footnotes":""},"categories":[488],"tags":[1104,1103,1105,1102],"class_list":["post-30536","post","type-post","status-publish","format-standard","has-post-thumbnail","hentry","category-policiales-nacionales","tag-atropella","tag-camionero","tag-nino","tag-rosario"],"amp_enabled":true,"_links":{"self":[{"href":"https:\/\/actualidadurbana.com\/index.php\/wp-json\/wp\/v2\/posts\/30536","targetHints":{"allow":["GET"]}}],"collection":[{"href":"https:\/\/actualidadurbana.com\/index.php\/wp-json\/wp\/v2\/posts"}],"about":[{"href":"https:\/\/actualidadurbana.com\/index.php\/wp-json\/wp\/v2\/types\/post"}],"author":[{"embeddable":true,"href":"https:\/\/actualidadurbana.com\/index.php\/wp-json\/wp\/v2\/users\/6"}],"replies":[{"embeddable":true,"href":"https:\/\/actualidadurbana.com\/index.php\/wp-json\/wp\/v2\/comments?post=30536"}],"version-history":[{"count":1,"href":"https:\/\/actualidadurbana.com\/index.php\/wp-json\/wp\/v2\/posts\/30536\/revisions"}],"predecessor-version":[{"id":30538,"href":"https:\/\/actualidadurbana.com\/index.php\/wp-json\/wp\/v2\/posts\/30536\/revisions\/30538"}],"wp:featuredmedia":[{"embeddable":true,"href":"https:\/\/actualidadurbana.com\/index.php\/wp-json\/wp\/v2\/media\/30537"}],"wp:attachment":[{"href":"https:\/\/actualidadurbana.com\/index.php\/wp-json\/wp\/v2\/media?parent=30536"}],"wp:term":[{"taxonomy":"category","embeddable":true,"href":"https:\/\/actualidadurbana.com\/index.php\/wp-json\/wp\/v2\/categories?post=30536"},{"taxonomy":"post_tag","embeddable":true,"href":"https:\/\/actualidadurbana.com\/index.php\/wp-json\/wp\/v2\/tags?post=30536"}],"curies":[{"name":"wp","href":"https:\/\/api.w.org\/{rel}","templated":true}]}}