{"id":30709,"date":"2024-12-13T13:04:12","date_gmt":"2024-12-13T16:04:12","guid":{"rendered":"https:\/\/actualidadurbana.com\/?p=30709"},"modified":"2024-12-13T13:04:12","modified_gmt":"2024-12-13T16:04:12","slug":"choque-en-cadena-en-santa-fe-deja-un-fallecido-cuatro-heridos-graves-y-diez-vehiculos-afectados","status":"publish","type":"post","link":"https:\/\/actualidadurbana.com\/index.php\/2024\/12\/13\/choque-en-cadena-en-santa-fe-deja-un-fallecido-cuatro-heridos-graves-y-diez-vehiculos-afectados\/","title":{"rendered":"CHOQUE EN CADENA EN SANTA FE DEJA UN FALLECIDO, CUATRO HERIDOS GRAVES Y DIEZ VEH\u00cdCULOS AFECTADOS"},"content":{"rendered":"\n<p>Un tr\u00e1gico accidente en cadena en la Ruta Nacional 9, en Santa Fe, dej\u00f3 al menos una persona fallecida y cuatro heridas de gravedad. El siniestro, que ocurri\u00f3 anoche cerca del kil\u00f3metro 396, en el l\u00edmite con C\u00f3rdoba, involucr\u00f3 a una decena de veh\u00edculos, generando un caos en la circulaci\u00f3n.<\/p>\n\n\n\n<p>Seg\u00fan indicaron desde la Agencia Provincial de Seguridad Vial (APSV) de Santa Fe, se vieron implicados&nbsp;siete camiones, un colectivo, una camioneta y otro autom\u00f3vil; sin embargo, el equipo de Bomberos a cargo del operativo de rescate lleg\u00f3 a contabilizar 12 veh\u00edculos.<\/p>\n\n\n\n<figure class=\"wp-block-image\"><img decoding=\"async\" src=\"https:\/\/i0.wp.com\/www.infobae.com\/resizer\/v2\/WONAJIQUZNGFJAYI5VA6KO6VWM.jpeg?w=696&amp;ssl=1\" alt=\"El siniestro ocurri\u00f3 anoche cerca del kil\u00f3metro 396, en el l\u00edmite con C\u00f3rdoba, y estuvieron involucrados al menos una decena de veh\u00edculos. \" \/><\/figure>\n\n\n\n<p>Cristi\u00e1n Samp\u00f3,&nbsp;jefe del equipo de Bomberos Voluntarios de&nbsp;Tortugas,&nbsp;precis\u00f3 que la emergencia ocurri\u00f3 cerca de las 21, en el contexto de una&nbsp;tormenta con r\u00e1fagas de gran velocidad y baja visibilidad. Por la dimensi\u00f3n del accidente, fue necesaria la colaboraci\u00f3n, adem\u00e1s, de los bomberos de Armstrong, de General Roca y el servicio de emergencias de la localidad vecina de Ca\u00f1ada de G\u00f3mez.<\/p>\n\n\n\n<p>\u201cNos entra un llamado de la comisar\u00eda local, con la noticia de que se hab\u00eda producido un accidente por alcance entre un veh\u00edculo menor, una camioneta y un cami\u00f3n en el kil\u00f3metro 396 de la autopista, con sentido desde Rosario a C\u00f3rdoba\u201d, relat\u00f3, en di\u00e1logo con Infobae, sobre la notificaci\u00f3n inicial que recibieron de las autoridades.&nbsp;Pero cuando los oficiales llegaron a la escena, se encontraron con una escena mucho m\u00e1s grave. All\u00ed, contabilizaron nueve camiones, una camioneta, un autom\u00f3vil y un colectivo, con sus pasajeros.<\/p>\n\n\n\n<figure class=\"wp-block-image\"><img decoding=\"async\" src=\"https:\/\/i0.wp.com\/www.infobae.com\/resizer\/v2\/RQBBLMQXHZE45BZLNKJSWSB77E.jpeg?w=696&amp;ssl=1\" alt=\"Cristi\u00e1n Samp\u00f3, jefe del equipo de Bomberos Voluntarios de Tortugas, precis\u00f3 que la emergencia ocurri\u00f3 cerca de las 21 horas\" \/><\/figure>\n\n\n\n<p>En ese sentido, explic\u00f3: \u201cTengamos en cuenta que en ese momento se estaba desarrollando una tormenta muy fuerte en la zona, con mucha ca\u00edda de agua, con mucho viento, r\u00e1fagas de alta velocidad y poca visibilidad. Todos esos factores colaboraron, digamos, para que la escena se multiplique y agrave\u201d.<\/p>\n\n\n\n<p>En primer lugar, los bomberos voluntarios se abocaron a rescatar a las v\u00edctimas que presentaban heridas de mayor gravedad y necesitaban atenci\u00f3n urgente.&nbsp;Lamentablemente, una persona ya se encontraba sin signos vitales cuando llegaron a la zona.<\/p>\n","protected":false},"excerpt":{"rendered":"<p>Un tr\u00e1gico accidente en cadena en la Ruta Nacional 9, en Santa Fe, dej\u00f3 al menos una persona fallecida y cuatro heridas de gravedad. El siniestro, que ocurri\u00f3 anoche cerca del kil\u00f3metro 396, en el l\u00edmite con C\u00f3rdoba, involucr\u00f3 a una decena de veh\u00edculos, generando un caos en la circulaci\u00f3n. Seg\u00fan indicaron desde la Agencia [&hellip;]<\/p>\n","protected":false},"author":6,"featured_media":30710,"comment_status":"closed","ping_status":"closed","sticky":false,"template":"","format":"standard","meta":{"footnotes":""},"categories":[486],"tags":[960,1209,1210,1208],"class_list":["post-30709","post","type-post","status-publish","format-standard","has-post-thumbnail","hentry","category-sociedad-nacionales","tag-choque","tag-fallecido","tag-heridos-graves","tag-santa-fe"],"amp_enabled":true,"_links":{"self":[{"href":"https:\/\/actualidadurbana.com\/index.php\/wp-json\/wp\/v2\/posts\/30709","targetHints":{"allow":["GET"]}}],"collection":[{"href":"https:\/\/actualidadurbana.com\/index.php\/wp-json\/wp\/v2\/posts"}],"about":[{"href":"https:\/\/actualidadurbana.com\/index.php\/wp-json\/wp\/v2\/types\/post"}],"author":[{"embeddable":true,"href":"https:\/\/actualidadurbana.com\/index.php\/wp-json\/wp\/v2\/users\/6"}],"replies":[{"embeddable":true,"href":"https:\/\/actualidadurbana.com\/index.php\/wp-json\/wp\/v2\/comments?post=30709"}],"version-history":[{"count":1,"href":"https:\/\/actualidadurbana.com\/index.php\/wp-json\/wp\/v2\/posts\/30709\/revisions"}],"predecessor-version":[{"id":30711,"href":"https:\/\/actualidadurbana.com\/index.php\/wp-json\/wp\/v2\/posts\/30709\/revisions\/30711"}],"wp:featuredmedia":[{"embeddable":true,"href":"https:\/\/actualidadurbana.com\/index.php\/wp-json\/wp\/v2\/media\/30710"}],"wp:attachment":[{"href":"https:\/\/actualidadurbana.com\/index.php\/wp-json\/wp\/v2\/media?parent=30709"}],"wp:term":[{"taxonomy":"category","embeddable":true,"href":"https:\/\/actualidadurbana.com\/index.php\/wp-json\/wp\/v2\/categories?post=30709"},{"taxonomy":"post_tag","embeddable":true,"href":"https:\/\/actualidadurbana.com\/index.php\/wp-json\/wp\/v2\/tags?post=30709"}],"curies":[{"name":"wp","href":"https:\/\/api.w.org\/{rel}","templated":true}]}}