{"id":30848,"date":"2025-02-11T09:44:48","date_gmt":"2025-02-11T12:44:48","guid":{"rendered":"https:\/\/actualidadurbana.com\/?p=30848"},"modified":"2025-02-11T09:44:48","modified_gmt":"2025-02-11T12:44:48","slug":"ataque-sicario-en-rosario","status":"publish","type":"post","link":"https:\/\/actualidadurbana.com\/index.php\/2025\/02\/11\/ataque-sicario-en-rosario\/","title":{"rendered":"ATAQUE SICARIO EN ROSARIO"},"content":{"rendered":"\n<p>Un hombre de 57 a\u00f1os fue baleado con doce disparos en la noche del lunes frente a un kiosco en Alem al 4000, en el barrio Tablada, al sur de Rosario. La v\u00edctima, Jos\u00e9 Miguel Herrera Gonz\u00e1lez, sufri\u00f3 heridas graves y fue trasladada al Hospital de Emergencias Clemente \u00c1lvarez, donde falleci\u00f3 en la madrugada del viernes debido a la gravedad de las lesiones.<br><br>Seg\u00fan la informaci\u00f3n recolectada por el fiscal de Homicidios Dolosos<strong>&nbsp;Adri\u00e1n Spelta<\/strong>, a cargo del caso, un auto blanco fren\u00f3 frente al comercio, bajaron dos de sus ocupantes,&nbsp;<strong>abrieron fuego y, luego, huyeron en el mismo veh\u00edculo.<\/strong>&nbsp;Para los investigadores policiales,&nbsp;<strong>no estaba claro si los disparos estaban dirigidos al kiosco o al cliente ocasional.<\/strong><\/p>\n\n\n\n<p>La duda de los agentes radica en que<strong>&nbsp;Herrera Gonz\u00e1lez era empleado metal\u00fargica,<\/strong>&nbsp;no ten\u00eda antecedentes ni problemas que hayan sido conocidos en su c\u00edrculo.<br><br>La escena del crimen fue perimetrada por personal de Prefectura Naval, que tiene asignada esa zona por el comando conjunto entre las fuerzas de seguridad provinciales y federales. Minutos m\u00e1s tarde, lleg\u00f3 al gabinete criminal\u00edstico de la Polic\u00eda de Investigaciones, que incaut\u00f3&nbsp;<strong>doce vainas servidas calibre 9 mil\u00edmetros,<\/strong>&nbsp;tom\u00f3 testimonios y relev\u00f3 c\u00e1maras de videovigilancia.<\/p>\n\n\n\n<p>El de Herrera fue<strong>&nbsp;el quinto asesinato del mes en Rosario.<\/strong>&nbsp;Los otros cuatro fueron cometidos en la ciudad el pasado domingo. Tres de las v\u00edctimas -Dami\u00e1n (43) Soplan, su hijo Fabi\u00e1n Soplan (25) y Eliana Deasis (36)-&nbsp;<em>fueron acribilladas en una balacera<\/em>&nbsp;que tuvo lugar en horas de la tarde en inmediaciones de Lima y Rueda. El cuarto crimen fue el de&nbsp;<strong>Lautaro Joel \u00c1lvarez<\/strong>&nbsp;(18), cometido en la noche en Fraga al 1300 bis, en el marco de una presunta pelea con un vecino.<\/p>\n\n\n\n<p><a href=\"https:\/\/www.infobae.com\/sociedad\/policiales\/2025\/02\/09\/panico-en-un-edificio-de-palermo-se-prendieron-fuego-dos-departamentos-y-una-mujer-resulto-gravemente-herida\/\" target=\"_blank\" rel=\"noreferrer noopener\"><\/a>Por el triple crimen hubo cuatro aprehendidos por la Polic\u00eda: Nahuel Adri\u00e1n R. (26), Franco Maximiliano P. (23), Joel Nicol\u00e1s R. (19) y Josu\u00e9 C. (18). Dos de ellos fueron arrestados tras una persecuci\u00f3n que se inici\u00f3 en Lima y Rueda y finaliz\u00f3 en Presidente Per\u00f3n y Felipe Mor\u00e9, que incluy\u00f3 un<strong>&nbsp;intercambio de disparos con los agentes.&nbsp;<\/strong>El veh\u00edculo, una Rouser negra, ten\u00eda pedido de secuestro activo desde el 18 de enero pasado. En tanto, tambi\u00e9n se les secuestr\u00f3 una pistola que fue enviada a peritar.<\/p>\n\n\n\n<p>Los otros dos sospechosos fueron detenidos cerca de la zona del triple homicidio y est\u00e1n sindicados de haber tratado de encubrir el ataque, cuyo m\u00f3vil podr\u00eda tener relaci\u00f3n con el comercio de droga en barrio Banana.<\/p>\n\n\n\n<p>Por otra parte, este lunes por la tarde la Polic\u00eda encontr\u00f3 el cuerpo de una<strong>&nbsp;mujer de 33 a\u00f1os en la habitaci\u00f3n de una pensi\u00f3n<\/strong>&nbsp;de Ovidio Lagos al 300. Los agentes llegaron al lugar despu\u00e9s de que un llamado al 911 indicara que hac\u00eda varios d\u00edas que no se la ve\u00eda, por lo que se ten\u00eda preocupaci\u00f3n sobre su salud. Si bien no se tienen indicios claros sobre la causa de su deceso, por pedido del fiscal&nbsp;<strong>Adri\u00e1n Spelta,&nbsp;<\/strong>el cad\u00e1ver fue trasladado al Instituto M\u00e9dico Legal de Rosario para la realizaci\u00f3n de la autopsia bajo el protocolo de Minnesota.<\/p>\n","protected":false},"excerpt":{"rendered":"<p>Un hombre de 57 a\u00f1os fue baleado con doce disparos en la noche del lunes frente a un kiosco en Alem al 4000, en el barrio Tablada, al sur de Rosario. La v\u00edctima, Jos\u00e9 Miguel Herrera Gonz\u00e1lez, sufri\u00f3 heridas graves y fue trasladada al Hospital de Emergencias Clemente \u00c1lvarez, donde falleci\u00f3 en la madrugada del [&hellip;]<\/p>\n","protected":false},"author":6,"featured_media":30849,"comment_status":"closed","ping_status":"closed","sticky":false,"template":"","format":"standard","meta":{"footnotes":""},"categories":[488],"tags":[1153,1289,1102],"class_list":["post-30848","post","type-post","status-publish","format-standard","has-post-thumbnail","hentry","category-policiales-nacionales","tag-ataque","tag-hombre-baleado","tag-rosario"],"amp_enabled":true,"_links":{"self":[{"href":"https:\/\/actualidadurbana.com\/index.php\/wp-json\/wp\/v2\/posts\/30848","targetHints":{"allow":["GET"]}}],"collection":[{"href":"https:\/\/actualidadurbana.com\/index.php\/wp-json\/wp\/v2\/posts"}],"about":[{"href":"https:\/\/actualidadurbana.com\/index.php\/wp-json\/wp\/v2\/types\/post"}],"author":[{"embeddable":true,"href":"https:\/\/actualidadurbana.com\/index.php\/wp-json\/wp\/v2\/users\/6"}],"replies":[{"embeddable":true,"href":"https:\/\/actualidadurbana.com\/index.php\/wp-json\/wp\/v2\/comments?post=30848"}],"version-history":[{"count":1,"href":"https:\/\/actualidadurbana.com\/index.php\/wp-json\/wp\/v2\/posts\/30848\/revisions"}],"predecessor-version":[{"id":30850,"href":"https:\/\/actualidadurbana.com\/index.php\/wp-json\/wp\/v2\/posts\/30848\/revisions\/30850"}],"wp:featuredmedia":[{"embeddable":true,"href":"https:\/\/actualidadurbana.com\/index.php\/wp-json\/wp\/v2\/media\/30849"}],"wp:attachment":[{"href":"https:\/\/actualidadurbana.com\/index.php\/wp-json\/wp\/v2\/media?parent=30848"}],"wp:term":[{"taxonomy":"category","embeddable":true,"href":"https:\/\/actualidadurbana.com\/index.php\/wp-json\/wp\/v2\/categories?post=30848"},{"taxonomy":"post_tag","embeddable":true,"href":"https:\/\/actualidadurbana.com\/index.php\/wp-json\/wp\/v2\/tags?post=30848"}],"curies":[{"name":"wp","href":"https:\/\/api.w.org\/{rel}","templated":true}]}}