{"id":31010,"date":"2025-03-17T14:46:25","date_gmt":"2025-03-17T17:46:25","guid":{"rendered":"https:\/\/actualidadurbana.com\/?p=31010"},"modified":"2025-03-17T14:46:26","modified_gmt":"2025-03-17T17:46:26","slug":"avellaneda-policia-mato-a-golpes-a-su-mujer-y-luego-se-suicido","status":"publish","type":"post","link":"https:\/\/actualidadurbana.com\/index.php\/2025\/03\/17\/avellaneda-policia-mato-a-golpes-a-su-mujer-y-luego-se-suicido\/","title":{"rendered":"AVELLANEDA: POLIC\u00cdA MAT\u00d3 A GOLPES A SU MUJER Y LUEGO SE SUICID\u00d3"},"content":{"rendered":"\n<p>El femicidio ocurri\u00f3 en la madrugada de este lunes en la localidad de Villa Dominico, un polic\u00eda federal asesino a su pareja de 25 a\u00f1os ,los m\u00e9dicos del SAME confirmaron que la v\u00edctima muri\u00f3 a causa de golpes que recibi\u00f3. El hecho sucedi\u00f3 en la casa del efectivo Jairo Kevin Emanuel Choque, quien prestaba servicio en la divisi\u00f3n motorizada de la PFA, los peritos estimaron que el agente utiliz\u00f3 su arma reglamentaria para quitarse la vida.<\/p>\n\n\n\n<p>Fuentes del caso indicaron&nbsp;que una vecina se comunic\u00f3 con el 911 luego de escuchar una detonaci\u00f3n en la vivienda. Inmediatamente, agentes de la Polic\u00eda bonaerense llegaron al domicilio y se encontraron con una escena escalofriante: los dos cuerpos pr\u00f3ximos entre s\u00ed. En una mesa, hallaron una pistola Bersa 9\u202fmm, semiabierta y con un cartucho sin detonar.<\/p>\n\n\n\n<p>Pero eso no era todo:&nbsp;en la vivienda hallaron a la nena de 5 a\u00f1os.&nbsp;La peque\u00f1a no presentaba lesiones f\u00edsicas, detallaron las fuentes consultadas por este medio.<\/p>\n\n\n\n<p>Poco despu\u00e9s, arrib\u00f3 al lugar una ambulancia del SAME. Pasadas las 6.40, el m\u00e9dico de emergencias constat\u00f3 ambas muertes. Choque, quien&nbsp;ten\u00eda un orificio de entrada y salida en la cabeza,&nbsp;fue identificado por un vecino y compa\u00f1ero de trabajo que lleg\u00f3 al sitio alertado por las sirenas.<\/p>\n\n\n\n<p>La v\u00edctima, cuya identidad a\u00fan no ha sido revelada, se encontraba en&nbsp;posici\u00f3n fetal y no presentaba heridas de arma de fuego. El m\u00e9dico inform\u00f3 que la causa de la muerte fue debido a golpes\u201d, indicaron las fuentes.<\/p>\n\n\n\n<p>En el caso interviene la fiscal&nbsp;Laura Carballal,&nbsp;de la Unidad Fiscal N\u00b02 de Avellaneda, quien asisti\u00f3 a la propiedad que fue resguardada para los peritajes correspondientes, mientras aguarda el resultado preliminar de la autopsia.<\/p>\n\n\n\n<p><\/p>\n","protected":false},"excerpt":{"rendered":"<p>El femicidio ocurri\u00f3 en la madrugada de este lunes en la localidad de Villa Dominico, un polic\u00eda federal asesino a su pareja de 25 a\u00f1os ,los m\u00e9dicos del SAME confirmaron que la v\u00edctima muri\u00f3 a causa de golpes que recibi\u00f3. El hecho sucedi\u00f3 en la casa del efectivo Jairo Kevin Emanuel Choque, quien prestaba servicio [&hellip;]<\/p>\n","protected":false},"author":1,"featured_media":31011,"comment_status":"closed","ping_status":"closed","sticky":false,"template":"","format":"standard","meta":{"footnotes":""},"categories":[488],"tags":[345,830,243,1449],"class_list":["post-31010","post","type-post","status-publish","format-standard","has-post-thumbnail","hentry","category-policiales-nacionales","tag-avellaneda","tag-femicidio","tag-policiales","tag-villa-dominico"],"amp_enabled":true,"_links":{"self":[{"href":"https:\/\/actualidadurbana.com\/index.php\/wp-json\/wp\/v2\/posts\/31010","targetHints":{"allow":["GET"]}}],"collection":[{"href":"https:\/\/actualidadurbana.com\/index.php\/wp-json\/wp\/v2\/posts"}],"about":[{"href":"https:\/\/actualidadurbana.com\/index.php\/wp-json\/wp\/v2\/types\/post"}],"author":[{"embeddable":true,"href":"https:\/\/actualidadurbana.com\/index.php\/wp-json\/wp\/v2\/users\/1"}],"replies":[{"embeddable":true,"href":"https:\/\/actualidadurbana.com\/index.php\/wp-json\/wp\/v2\/comments?post=31010"}],"version-history":[{"count":1,"href":"https:\/\/actualidadurbana.com\/index.php\/wp-json\/wp\/v2\/posts\/31010\/revisions"}],"predecessor-version":[{"id":31012,"href":"https:\/\/actualidadurbana.com\/index.php\/wp-json\/wp\/v2\/posts\/31010\/revisions\/31012"}],"wp:featuredmedia":[{"embeddable":true,"href":"https:\/\/actualidadurbana.com\/index.php\/wp-json\/wp\/v2\/media\/31011"}],"wp:attachment":[{"href":"https:\/\/actualidadurbana.com\/index.php\/wp-json\/wp\/v2\/media?parent=31010"}],"wp:term":[{"taxonomy":"category","embeddable":true,"href":"https:\/\/actualidadurbana.com\/index.php\/wp-json\/wp\/v2\/categories?post=31010"},{"taxonomy":"post_tag","embeddable":true,"href":"https:\/\/actualidadurbana.com\/index.php\/wp-json\/wp\/v2\/tags?post=31010"}],"curies":[{"name":"wp","href":"https:\/\/api.w.org\/{rel}","templated":true}]}}