{"id":31018,"date":"2025-03-19T09:22:58","date_gmt":"2025-03-19T12:22:58","guid":{"rendered":"https:\/\/actualidadurbana.com\/?p=31018"},"modified":"2025-03-25T13:59:19","modified_gmt":"2025-03-25T16:59:19","slug":"mujer-abandona-el-cuerpo-de-un-bebe-en-un-contenedor-de-basura","status":"publish","type":"post","link":"https:\/\/actualidadurbana.com\/index.php\/2025\/03\/19\/mujer-abandona-el-cuerpo-de-un-bebe-en-un-contenedor-de-basura\/","title":{"rendered":"MUJER ABANDONA EL CUERPO DE UN BEBE EN UN CONTENEDOR DE BASURA"},"content":{"rendered":"\n<p>El cuerpo fue encontrado ayer martes por la ma\u00f1ana en avenida Cabildo y Monroe, plena zona c\u00e9ntrica del barrio porte\u00f1o, por un hombre que revisaba los contenedores de basura.&nbsp;Al encontrar una bolsa, creyendo que era ropa, la abri\u00f3 y not\u00f3 que hab\u00eda un beb\u00e9 sin vida en el interior.<\/p>\n\n\n\n<p>El personal m\u00e9dico del SAME constat\u00f3 que se trataba de una beba, con livideces, hipotermia, sin pulso ni respiraci\u00f3n, con costra en la zona del cord\u00f3n umbilical, lo que indic\u00f3 que hab\u00eda nacido hace pocos d\u00edas.<\/p>\n\n\n\n<p>M\u00e1s tarde, agentes de la Unidad Criminalista observaron que, a simple vista,&nbsp;la beba no presentaba signos de violencia o lesiones que puedan dar indicios de un homicidio.<\/p>\n\n\n\n<p>Tras el hallazgo, efectivos de Homicidios de la Polic\u00eda de la Ciudad junto a investigadores de la Comuna 13 llevaron adelante tareas investigativas y pudieron establecer la identidad de la mujer:&nbsp;<strong>una brasile\u00f1a de 36 a\u00f1os que es conocida en la zona.<\/strong>&nbsp;La mujer que fue registrada por c\u00e1maras de seguridad cuando descartaba el cuerpo de un beb\u00e9&nbsp;en un contenedor de Belgrano fue allanada y detenida en las \u00faltimas horas<\/p>\n\n\n\n<figure class=\"wp-block-image is-resized\"><img decoding=\"async\" src=\"https:\/\/i0.wp.com\/panoramahoy.com\/wp-content\/uploads\/2025\/03\/image-3.png?resize=372%2C242&amp;ssl=1\" alt=\"\" class=\"wp-image-33787\" style=\"width:460px;height:auto\"\/><\/figure>\n\n\n\n<p>El juez que interviene en la causa dispuso el allanamiento en su casa con el fin de detenerla. Cuando los agentes llegaron,&nbsp;se la encontr\u00f3 con una beb\u00e9 de pocos d\u00edas de vida. La imputada indic\u00f3 que hab\u00eda tenido a dos hijas en el interior de su ba\u00f1o y sin atenci\u00f3n m\u00e9dica y&nbsp;como una de ellas perdi\u00f3 la vida, decidi\u00f3 arrojarla al contenedor.<\/p>\n","protected":false},"excerpt":{"rendered":"<p>El cuerpo fue encontrado ayer martes por la ma\u00f1ana en avenida Cabildo y Monroe, plena zona c\u00e9ntrica del barrio porte\u00f1o, por un hombre que revisaba los contenedores de basura.&nbsp;Al encontrar una bolsa, creyendo que era ropa, la abri\u00f3 y not\u00f3 que hab\u00eda un beb\u00e9 sin vida en el interior. El personal m\u00e9dico del SAME constat\u00f3 [&hellip;]<\/p>\n","protected":false},"author":1,"featured_media":31020,"comment_status":"closed","ping_status":"closed","sticky":false,"template":"","format":"standard","meta":{"footnotes":""},"categories":[488],"tags":[1461,243],"class_list":["post-31018","post","type-post","status-publish","format-standard","has-post-thumbnail","hentry","category-policiales-nacionales","tag-belgrano","tag-policiales"],"amp_enabled":true,"_links":{"self":[{"href":"https:\/\/actualidadurbana.com\/index.php\/wp-json\/wp\/v2\/posts\/31018","targetHints":{"allow":["GET"]}}],"collection":[{"href":"https:\/\/actualidadurbana.com\/index.php\/wp-json\/wp\/v2\/posts"}],"about":[{"href":"https:\/\/actualidadurbana.com\/index.php\/wp-json\/wp\/v2\/types\/post"}],"author":[{"embeddable":true,"href":"https:\/\/actualidadurbana.com\/index.php\/wp-json\/wp\/v2\/users\/1"}],"replies":[{"embeddable":true,"href":"https:\/\/actualidadurbana.com\/index.php\/wp-json\/wp\/v2\/comments?post=31018"}],"version-history":[{"count":1,"href":"https:\/\/actualidadurbana.com\/index.php\/wp-json\/wp\/v2\/posts\/31018\/revisions"}],"predecessor-version":[{"id":31021,"href":"https:\/\/actualidadurbana.com\/index.php\/wp-json\/wp\/v2\/posts\/31018\/revisions\/31021"}],"wp:featuredmedia":[{"embeddable":true,"href":"https:\/\/actualidadurbana.com\/index.php\/wp-json\/wp\/v2\/media\/31020"}],"wp:attachment":[{"href":"https:\/\/actualidadurbana.com\/index.php\/wp-json\/wp\/v2\/media?parent=31018"}],"wp:term":[{"taxonomy":"category","embeddable":true,"href":"https:\/\/actualidadurbana.com\/index.php\/wp-json\/wp\/v2\/categories?post=31018"},{"taxonomy":"post_tag","embeddable":true,"href":"https:\/\/actualidadurbana.com\/index.php\/wp-json\/wp\/v2\/tags?post=31018"}],"curies":[{"name":"wp","href":"https:\/\/api.w.org\/{rel}","templated":true}]}}