{"id":31242,"date":"2025-06-26T11:37:44","date_gmt":"2025-06-26T14:37:44","guid":{"rendered":"https:\/\/actualidadurbana.com\/?p=31242"},"modified":"2025-07-02T10:58:46","modified_gmt":"2025-07-02T13:58:46","slug":"renuncio-la-jueza-makintach-tras-el-fracaso-del-juicio-por-maradona","status":"publish","type":"post","link":"https:\/\/actualidadurbana.com\/index.php\/2025\/06\/26\/renuncio-la-jueza-makintach-tras-el-fracaso-del-juicio-por-maradona\/","title":{"rendered":"RENUNCI\u00d3 LA JUEZA MAKINTACH TRAS EL FRACASO DEL JUICIO POR MARADONA"},"content":{"rendered":"\n<p>La decisi\u00f3n de Makintach se conoci\u00f3 en medio del proceso iniciado para investigar su accionar como jueza del caso. Su futuro ahora queda en manos del gobernador Kicillof, quien deber\u00e1 definir si acepta la dimisi\u00f3n.<\/p>\n\n\n\n<p>Julieta Makintach, la jueza que protagoniz\u00f3 el esc\u00e1ndalo que deriv\u00f3 en que se declarara nulo el juicio donde se intentaba develar si hubo responsabilidades penales por la muerte de Diego Maradona, present\u00f3 este martes su renuncia.<\/p>\n\n\n\n<p>La carta de renuncia fue presentada por el abogado Dar\u00edo Salda\u00f1o en la Secretar\u00eda de Personal de la Suprema Corte de Justicia bonaerense. Y ahora ser\u00e1 el gobernador Axel Kicillof quien en definitiva sea el que acepte, o no, ese paso al costado de la magistrada.<\/p>\n\n\n\n<p>En su presentaci\u00f3n, dirigida a la presidenta de la Suprema Corte de Justicia bonaerense, Hilda Kogan, Salda\u00f1o explic\u00f3 que acompa\u00f1a la \u201ccarta de dimisi\u00f3n con firma ol\u00f3grafa de la magistrada\u201d y solicit\u00f3 que se le \u201cimprima la celeridad que ha acompa\u00f1ado el devenir del presente\u201d.<\/p>\n\n\n\n<p>En su carta dirigida a Kicillof, Makintach, de 47 a\u00f1os, explic\u00f3 que la decisi\u00f3n \u201cse inscribe el contexto de los hechos de p\u00fablico conocimiento que han generado un profundo impacto institucional y social, con consecuencias no deseadas\u201d. Al hablar del \u201ccontexto de los hechos de p\u00fablico conocimiento\u201d, se refiri\u00f3 a la producci\u00f3n del documental Justicia Divina, donde se contaban detalles del juicio y que ten\u00eda a la magistrada en un rol protag\u00f3nico.<\/p>\n\n\n\n<p>En horas de la ma\u00f1ana, el Jurado de Enjuiciamiento de Magistrados hab\u00eda dispuesto el \u201capartamiento del cargo\u201d en el Departamento Judicial de San Isidro, donde se desempe\u00f1aba hasta que sobrevino el esc\u00e1ndalo.<\/p>\n\n\n\n<p>Por unanimidad, los conjueces (abogados y legisladores bonaerenses) votaron a favor de que abandone su puesto en el Tribunal Oral N\u00b0 2, que integra desde 2017, cuando fue designada por acuerdo del Senado provincial.<\/p>\n\n\n\n<p>El \u201capartamiento preventivo\u201d hab\u00eda sido reclamado por los siete denunciantes que se presentaron ante la secretar\u00eda de juicio pol\u00edtico provincial.<\/p>\n\n\n\n<p>La jueza ya no ocupaba su sill\u00f3n de magistrada porque desde principios de junio hab\u00eda sido \u201clicenciada\u201d de manera obligatoria por el comit\u00e9 de Disciplina de la Suprema Corte bonaerense.<\/p>\n\n\n\n<p>Makintach era vocal subrogante en el TOC N\u00b0 3, que integraban sus pares Maximiliano Savarino y Ver\u00f3nica Di Tommaso, el cual se hizo cargo del debate por la muerte de Maradona y que termin\u00f3 siendo anulado tras 22 audiencia.<\/p>\n","protected":false},"excerpt":{"rendered":"<p>La decisi\u00f3n de Makintach se conoci\u00f3 en medio del proceso iniciado para investigar su accionar como jueza del caso. Su futuro ahora queda en manos del gobernador Kicillof, quien deber\u00e1 definir si acepta la dimisi\u00f3n. Julieta Makintach, la jueza que protagoniz\u00f3 el esc\u00e1ndalo que deriv\u00f3 en que se declarara nulo el juicio donde se intentaba [&hellip;]<\/p>\n","protected":false},"author":6,"featured_media":31243,"comment_status":"closed","ping_status":"closed","sticky":false,"template":"","format":"standard","meta":{"footnotes":""},"categories":[486],"tags":[1607,1608,551,1431,1609],"class_list":["post-31242","post","type-post","status-publish","format-standard","has-post-thumbnail","hentry","category-sociedad-nacionales","tag-espectaculo","tag-jueza","tag-juicio","tag-maradona","tag-renuncia"],"amp_enabled":true,"_links":{"self":[{"href":"https:\/\/actualidadurbana.com\/index.php\/wp-json\/wp\/v2\/posts\/31242","targetHints":{"allow":["GET"]}}],"collection":[{"href":"https:\/\/actualidadurbana.com\/index.php\/wp-json\/wp\/v2\/posts"}],"about":[{"href":"https:\/\/actualidadurbana.com\/index.php\/wp-json\/wp\/v2\/types\/post"}],"author":[{"embeddable":true,"href":"https:\/\/actualidadurbana.com\/index.php\/wp-json\/wp\/v2\/users\/6"}],"replies":[{"embeddable":true,"href":"https:\/\/actualidadurbana.com\/index.php\/wp-json\/wp\/v2\/comments?post=31242"}],"version-history":[{"count":2,"href":"https:\/\/actualidadurbana.com\/index.php\/wp-json\/wp\/v2\/posts\/31242\/revisions"}],"predecessor-version":[{"id":31245,"href":"https:\/\/actualidadurbana.com\/index.php\/wp-json\/wp\/v2\/posts\/31242\/revisions\/31245"}],"wp:featuredmedia":[{"embeddable":true,"href":"https:\/\/actualidadurbana.com\/index.php\/wp-json\/wp\/v2\/media\/31243"}],"wp:attachment":[{"href":"https:\/\/actualidadurbana.com\/index.php\/wp-json\/wp\/v2\/media?parent=31242"}],"wp:term":[{"taxonomy":"category","embeddable":true,"href":"https:\/\/actualidadurbana.com\/index.php\/wp-json\/wp\/v2\/categories?post=31242"},{"taxonomy":"post_tag","embeddable":true,"href":"https:\/\/actualidadurbana.com\/index.php\/wp-json\/wp\/v2\/tags?post=31242"}],"curies":[{"name":"wp","href":"https:\/\/api.w.org\/{rel}","templated":true}]}}