{"id":31256,"date":"2025-07-11T09:00:00","date_gmt":"2025-07-11T12:00:00","guid":{"rendered":"https:\/\/actualidadurbana.com\/?p=31256"},"modified":"2025-07-10T11:49:28","modified_gmt":"2025-07-10T14:49:28","slug":"pilar-parque-jurasico-para-las-vacaciones-de-invierno","status":"publish","type":"post","link":"https:\/\/actualidadurbana.com\/index.php\/2025\/07\/11\/pilar-parque-jurasico-para-las-vacaciones-de-invierno\/","title":{"rendered":"PILAR: PARQUE JUR\u00c1SICO PARA LAS VACACIONES DE INVIERNO"},"content":{"rendered":"\n<p>Con entrada libre y gratuita vuelve al bosque del Instituto Carlos Pellegrini ,con mas de 30 especies de dinosaurios al Parque Pilar Jur\u00e1sico. El parque abrir\u00e1 sus puertas el 19 de julio hasta el domingo 2 de agosto, en el horario de 10 a 17.<\/p>\n\n\n\n<p>Tal como adelant\u00f3 el secretario de Integraci\u00f3n y Desarrollo Comunitario del Municipio, Juan Manuel Morales, en di\u00e1logo con Materia Prima (FM Plaza 92.1), el paseo contar\u00e1 con un gu\u00edas que acompa\u00f1ar\u00e1n a las familias en su recorrido por los fascinantes senderos del Pellegrini, entorno ideal para apreciar los dinosaurios en contacto con la naturaleza.<\/p>\n\n\n\n<p>Cabe destacar que se trata de r\u00e9plicas animatr\u00f3nicas, es decir que cuentan con movimiento, y muchas de ellas -como el tiranosaurio rex- superan los 20 metros de altura.&nbsp;Cada ejemplar contar\u00e1 con su cartel de identificaci\u00f3n, con informaci\u00f3n propia de su especie.<\/p>\n\n\n\n<p>Adem\u00e1s, se organizar\u00e1n actividades y entretenimientos hacia el final del recorrido, y se proyectar\u00e1n documentales sobre los dinosaurios. Tambi\u00e9n se dispondr\u00e1 un sector de juegos para chicos y de descanso para la familia.<\/p>\n\n\n\n<ul class=\"wp-block-list\">\n<li><strong>D\u00edas y horarios<\/strong>: del 19 de julio al 2 de agosto de 10 a 17.<\/li>\n\n\n\n<li><strong>Entrada<\/strong>: libre y gratuita con reserva en parquepilar.pilar.gov.ar.<\/li>\n\n\n\n<li><strong>Direcci\u00f3n<\/strong>: Honorio Pueyrredon (ruta 25) 1251.<\/li>\n<\/ul>\n\n\n\n<p><\/p>\n","protected":false},"excerpt":{"rendered":"<p>Con entrada libre y gratuita vuelve al bosque del Instituto Carlos Pellegrini ,con mas de 30 especies de dinosaurios al Parque Pilar Jur\u00e1sico. El parque abrir\u00e1 sus puertas el 19 de julio hasta el domingo 2 de agosto, en el horario de 10 a 17. Tal como adelant\u00f3 el secretario de Integraci\u00f3n y Desarrollo Comunitario [&hellip;]<\/p>\n","protected":false},"author":1,"featured_media":31257,"comment_status":"closed","ping_status":"closed","sticky":false,"template":"","format":"standard","meta":{"footnotes":""},"categories":[486],"tags":[1624,1623,114,974],"class_list":["post-31256","post","type-post","status-publish","format-standard","has-post-thumbnail","hentry","category-sociedad-nacionales","tag-parque-jurasico","tag-pilar","tag-sociedad","tag-vacaciones-de-invierno"],"amp_enabled":true,"_links":{"self":[{"href":"https:\/\/actualidadurbana.com\/index.php\/wp-json\/wp\/v2\/posts\/31256","targetHints":{"allow":["GET"]}}],"collection":[{"href":"https:\/\/actualidadurbana.com\/index.php\/wp-json\/wp\/v2\/posts"}],"about":[{"href":"https:\/\/actualidadurbana.com\/index.php\/wp-json\/wp\/v2\/types\/post"}],"author":[{"embeddable":true,"href":"https:\/\/actualidadurbana.com\/index.php\/wp-json\/wp\/v2\/users\/1"}],"replies":[{"embeddable":true,"href":"https:\/\/actualidadurbana.com\/index.php\/wp-json\/wp\/v2\/comments?post=31256"}],"version-history":[{"count":1,"href":"https:\/\/actualidadurbana.com\/index.php\/wp-json\/wp\/v2\/posts\/31256\/revisions"}],"predecessor-version":[{"id":31258,"href":"https:\/\/actualidadurbana.com\/index.php\/wp-json\/wp\/v2\/posts\/31256\/revisions\/31258"}],"wp:featuredmedia":[{"embeddable":true,"href":"https:\/\/actualidadurbana.com\/index.php\/wp-json\/wp\/v2\/media\/31257"}],"wp:attachment":[{"href":"https:\/\/actualidadurbana.com\/index.php\/wp-json\/wp\/v2\/media?parent=31256"}],"wp:term":[{"taxonomy":"category","embeddable":true,"href":"https:\/\/actualidadurbana.com\/index.php\/wp-json\/wp\/v2\/categories?post=31256"},{"taxonomy":"post_tag","embeddable":true,"href":"https:\/\/actualidadurbana.com\/index.php\/wp-json\/wp\/v2\/tags?post=31256"}],"curies":[{"name":"wp","href":"https:\/\/api.w.org\/{rel}","templated":true}]}}