{"id":31265,"date":"2025-07-15T10:56:06","date_gmt":"2025-07-15T13:56:06","guid":{"rendered":"https:\/\/actualidadurbana.com\/?p=31265"},"modified":"2025-07-15T10:56:06","modified_gmt":"2025-07-15T13:56:06","slug":"potenciar-trabajo-inscripciones-y-tramite-online","status":"publish","type":"post","link":"https:\/\/actualidadurbana.com\/index.php\/2025\/07\/15\/potenciar-trabajo-inscripciones-y-tramite-online\/","title":{"rendered":"POTENCIAR TRABAJO: INSCRIPCIONES Y TRAMITE ONLINE"},"content":{"rendered":"\n<p>El Ministerio de Capital Humano mantiene habilitada la&nbsp;<strong>inscripci\u00f3n a las Becas Progresar Trabajo 2025<\/strong>, que est\u00e1n destinadas a quienes deseen capacitarse profesionalmente. El tr\u00e1mite se realiza&nbsp;<strong>de forma online<\/strong>&nbsp;y hay tiempo hasta el&nbsp;<strong>30 de noviembre<\/strong>&nbsp;para completar el formulario.<\/p>\n\n\n\n<p>Esta l\u00ednea de becas est\u00e1 pensada para j\u00f3venes y adultos que&nbsp;<strong>no cuentan con empleo formal<\/strong>&nbsp;y quieren acceder a cursos de formaci\u00f3n t\u00e9cnica o profesional.<\/p>\n\n\n\n<h2 class=\"wp-block-heading\">C\u00f3mo anotarse a las Becas Progresar Trabajo<\/h2>\n\n\n\n<p>El primer paso para inscribirse es tener una cuenta en&nbsp;<strong>Mi Argentina<\/strong>. Luego, seguir estos pasos:<\/p>\n\n\n\n<ol class=\"wp-block-list\">\n<li><strong>Ingresar a\u00a0<a>Mi Argentina<\/a><\/strong>\u00a0con tu usuario o crear una cuenta nueva.<\/li>\n\n\n\n<li>Entrar a la secci\u00f3n\u00a0<strong>\u00abIngreso e inscripci\u00f3n por l\u00ednea de beca\u00bb<\/strong>\u00a0y hacer clic en\u00a0<strong>Progresar Trabajo<\/strong>.<\/li>\n\n\n\n<li><strong>Completar el formulario de postulaci\u00f3n<\/strong>\u00a0con tus datos personales.<\/li>\n\n\n\n<li>Enviar la solicitud antes del 30 de noviembre.<\/li>\n<\/ol>\n\n\n\n<p>Es importante&nbsp;<strong>verificar que todos los datos est\u00e9n correctos<\/strong>&nbsp;y cumplir con los requisitos del programa.<\/p>\n\n\n\n<h2 class=\"wp-block-heading\">Requisitos para acceder a Progresar Trabajo<\/h2>\n\n\n\n<ul class=\"wp-block-list\">\n<li>Ser\u00a0<strong>argentino nativo o naturalizado<\/strong>, o extranjero con 2 a\u00f1os de residencia legal.<\/li>\n\n\n\n<li>Tener entre\u00a0<strong>18 y 24 a\u00f1os<\/strong>, o hasta\u00a0<strong>40 a\u00f1os<\/strong>\u00a0si no se tiene empleo formal registrado.<\/li>\n\n\n\n<li>Contar con\u00a0<strong>DNI<\/strong>.<\/li>\n\n\n\n<li>Los\u00a0<strong>ingresos del postulante no deben superar tres Salarios M\u00ednimos, Vitales y M\u00f3viles<\/strong>.<\/li>\n<\/ul>\n","protected":false},"excerpt":{"rendered":"<p>El Ministerio de Capital Humano mantiene habilitada la&nbsp;inscripci\u00f3n a las Becas Progresar Trabajo 2025, que est\u00e1n destinadas a quienes deseen capacitarse profesionalmente. El tr\u00e1mite se realiza&nbsp;de forma online&nbsp;y hay tiempo hasta el&nbsp;30 de noviembre&nbsp;para completar el formulario. Esta l\u00ednea de becas est\u00e1 pensada para j\u00f3venes y adultos que&nbsp;no cuentan con empleo formal&nbsp;y quieren acceder a [&hellip;]<\/p>\n","protected":false},"author":1,"featured_media":31266,"comment_status":"closed","ping_status":"closed","sticky":false,"template":"","format":"standard","meta":{"footnotes":""},"categories":[486],"tags":[15,1631,1633,1632,114],"class_list":["post-31265","post","type-post","status-publish","format-standard","has-post-thumbnail","hentry","category-sociedad-nacionales","tag-argentina","tag-becas-progresar-trabajo","tag-inscripciones-2025","tag-mi-argentina","tag-sociedad"],"amp_enabled":true,"_links":{"self":[{"href":"https:\/\/actualidadurbana.com\/index.php\/wp-json\/wp\/v2\/posts\/31265","targetHints":{"allow":["GET"]}}],"collection":[{"href":"https:\/\/actualidadurbana.com\/index.php\/wp-json\/wp\/v2\/posts"}],"about":[{"href":"https:\/\/actualidadurbana.com\/index.php\/wp-json\/wp\/v2\/types\/post"}],"author":[{"embeddable":true,"href":"https:\/\/actualidadurbana.com\/index.php\/wp-json\/wp\/v2\/users\/1"}],"replies":[{"embeddable":true,"href":"https:\/\/actualidadurbana.com\/index.php\/wp-json\/wp\/v2\/comments?post=31265"}],"version-history":[{"count":1,"href":"https:\/\/actualidadurbana.com\/index.php\/wp-json\/wp\/v2\/posts\/31265\/revisions"}],"predecessor-version":[{"id":31267,"href":"https:\/\/actualidadurbana.com\/index.php\/wp-json\/wp\/v2\/posts\/31265\/revisions\/31267"}],"wp:featuredmedia":[{"embeddable":true,"href":"https:\/\/actualidadurbana.com\/index.php\/wp-json\/wp\/v2\/media\/31266"}],"wp:attachment":[{"href":"https:\/\/actualidadurbana.com\/index.php\/wp-json\/wp\/v2\/media?parent=31265"}],"wp:term":[{"taxonomy":"category","embeddable":true,"href":"https:\/\/actualidadurbana.com\/index.php\/wp-json\/wp\/v2\/categories?post=31265"},{"taxonomy":"post_tag","embeddable":true,"href":"https:\/\/actualidadurbana.com\/index.php\/wp-json\/wp\/v2\/tags?post=31265"}],"curies":[{"name":"wp","href":"https:\/\/api.w.org\/{rel}","templated":true}]}}