{"id":31346,"date":"2025-08-21T10:56:14","date_gmt":"2025-08-21T13:56:14","guid":{"rendered":"https:\/\/actualidadurbana.com\/?p=31346"},"modified":"2025-08-21T10:56:15","modified_gmt":"2025-08-21T13:56:15","slug":"nueva-muestra-de-arte-inaugurada-en-el-colegio-de-arquitectos","status":"publish","type":"post","link":"https:\/\/actualidadurbana.com\/index.php\/2025\/08\/21\/nueva-muestra-de-arte-inaugurada-en-el-colegio-de-arquitectos\/","title":{"rendered":"NUEVA MUESTRA DE ARTE INAUGURADA EN EL COLEGIO DE ARQUITECTOS"},"content":{"rendered":"\n<p>Desde este s\u00e1bado, en la sede del Colegio de Arquitectos en Mercedes, se podr\u00e1 recorrer la muestra \u201cSinestesia\u201d de la artista Ruth Rojas Jalley. Una propuesta que invita a sumergirse en un recorrido sensorial y creativo.<\/p>\n\n\n\n<p>Este s\u00e1bado 23 de agosto a las 20:30hs, se inaugurar\u00e1 en la Sede Distrital del Colegio de Arquitectos \u2013 Distrito 5, (Av. 30 N\u00b0 564, Mercedes), una nueva muestra de arte.<\/p>\n\n\n\n<p>En esta oportunidad expondr\u00e1 la artista Ruth Rojas Jalley con su muestra \u201cSinestesia\u201d, una expo de pintura y fotograf\u00eda.<\/p>\n\n\n\n<p>La artista revel\u00f3 que \u201cSinestesia es una muestra que los invita a explorar la vibrante intersecci\u00f3n de mis percepciones y creaciones\u201d.<\/p>\n\n\n\n<p>\u201cEn este espacio, cada pincelada es un eco de las sensaciones que han moldeado mi visi\u00f3n art\u00edstica, transformando lo que veo, oigo y siento en una paleta de colores, formas y texturas\u201d, expres\u00f3 Rojas Jalley.<br><br>Adem\u00e1s contempl\u00f3 que \u201cesta muestra es un reflejo v\u00edvido de la riqueza y diversidad de lugares, escenarios naturales y culturas conocidas, que han nutrido mi vida y mi arte\u201d. \u201cLejos de ser simples representaciones, cada obra es un homenaje a la complejidad y la belleza de cada espacio recorrido. Pero, m\u00e1s all\u00e1 de la tierra firme, mi alma encuentra un eco profundo en el mar y la calma del mundo subacu\u00e1tico, donde su misterio y la biodiversidad que generosamente me regala en cada inmersi\u00f3n, son una fuente inagotable de inspiraci\u00f3n\u201d, completa.<br><br>\u00abSinestesia es, en esencia, una invitaci\u00f3n a que ustedes tambi\u00e9n experimenten esa fusi\u00f3n de sentidos. A trav\u00e9s de mis pinturas, deseo que puedan sentir el murmullo del oc\u00e9ano, el bullicio de una ciudad lejana, o la tranquilidad de un arrecife. Deseo que sea una experiencia \u00fanica: no solo ver, sino sentir a trav\u00e9s de texturas, colores y emociones. El nombre de la muestra evoca precisamente esta fascinante forma de experimentar el mundo, donde los diferentes sentidos se entrelazan en nuestra percepci\u00f3n individual\u201d, culmina.<br><br>Como todos los a\u00f1os, el coordinador de este ciclo de arte del CAPBA5 es el Arquitecto Sebasti\u00e1n Bocca.<\/p>\n\n\n\n<p>El acceso a la muestra es libre y gratuito y se podr\u00e1 visitar tambi\u00e9n de lunes a viernes de 8 a 13hs y de 14 a 16hs.&nbsp;Cierre&nbsp;05\/09.<br><\/p>\n","protected":false},"excerpt":{"rendered":"<p>Desde este s\u00e1bado, en la sede del Colegio de Arquitectos en Mercedes, se podr\u00e1 recorrer la muestra \u201cSinestesia\u201d de la artista Ruth Rojas Jalley. Una propuesta que invita a sumergirse en un recorrido sensorial y creativo. Este s\u00e1bado 23 de agosto a las 20:30hs, se inaugurar\u00e1 en la Sede Distrital del Colegio de Arquitectos \u2013 [&hellip;]<\/p>\n","protected":false},"author":6,"featured_media":31347,"comment_status":"closed","ping_status":"closed","sticky":false,"template":"","format":"standard","meta":{"footnotes":""},"categories":[486],"tags":[1698,322,1697,114],"class_list":["post-31346","post","type-post","status-publish","format-standard","has-post-thumbnail","hentry","category-sociedad-nacionales","tag-colegio-de-arquitectos","tag-inauguracion","tag-muestra-de-arte","tag-sociedad"],"amp_enabled":true,"_links":{"self":[{"href":"https:\/\/actualidadurbana.com\/index.php\/wp-json\/wp\/v2\/posts\/31346","targetHints":{"allow":["GET"]}}],"collection":[{"href":"https:\/\/actualidadurbana.com\/index.php\/wp-json\/wp\/v2\/posts"}],"about":[{"href":"https:\/\/actualidadurbana.com\/index.php\/wp-json\/wp\/v2\/types\/post"}],"author":[{"embeddable":true,"href":"https:\/\/actualidadurbana.com\/index.php\/wp-json\/wp\/v2\/users\/6"}],"replies":[{"embeddable":true,"href":"https:\/\/actualidadurbana.com\/index.php\/wp-json\/wp\/v2\/comments?post=31346"}],"version-history":[{"count":1,"href":"https:\/\/actualidadurbana.com\/index.php\/wp-json\/wp\/v2\/posts\/31346\/revisions"}],"predecessor-version":[{"id":31348,"href":"https:\/\/actualidadurbana.com\/index.php\/wp-json\/wp\/v2\/posts\/31346\/revisions\/31348"}],"wp:featuredmedia":[{"embeddable":true,"href":"https:\/\/actualidadurbana.com\/index.php\/wp-json\/wp\/v2\/media\/31347"}],"wp:attachment":[{"href":"https:\/\/actualidadurbana.com\/index.php\/wp-json\/wp\/v2\/media?parent=31346"}],"wp:term":[{"taxonomy":"category","embeddable":true,"href":"https:\/\/actualidadurbana.com\/index.php\/wp-json\/wp\/v2\/categories?post=31346"},{"taxonomy":"post_tag","embeddable":true,"href":"https:\/\/actualidadurbana.com\/index.php\/wp-json\/wp\/v2\/tags?post=31346"}],"curies":[{"name":"wp","href":"https:\/\/api.w.org\/{rel}","templated":true}]}}